
{"id":21067,"date":"2018-07-29T18:47:47","date_gmt":"2018-07-29T18:47:47","guid":{"rendered":"https:\/\/www.lejournalduforkane.com\/?p=21067"},"modified":"2018-07-29T18:47:47","modified_gmt":"2018-07-29T18:47:47","slug":"il-y-a-7-mois-le-dirigeant-yemenite-dansarullah-sayyid-abd-al-malik-al-houthi-a-promis-nous-allons-lui-rendre-la-pareille","status":"publish","type":"post","link":"https:\/\/www.lejournalduforkane.com\/index.php\/il-y-a-7-mois-le-dirigeant-yemenite-dansarullah-sayyid-abd-al-malik-al-houthi-a-promis-nous-allons-lui-rendre-la-pareille\/","title":{"rendered":"Il y a 7 mois, le dirigeant Y\u00e9menite d&rsquo;Ansarullah, Sayyid Abd Al-Malik Al-Houthi a promis : \u00a0\u00bb nous allons lui rendre la pareille !\u00a0\u00bb"},"content":{"rendered":"<p><!--more--><\/p>\n<p>Il y a 7 mois, le dirigeant Y\u00e9menite d&rsquo;Ansarullah, Sayyid Abd Al-Malik Al-Houthi a promis : \u00a0\u00bb nous allons lui rendre la pareille !\u00a0\u00bb<\/p>\n<p>Aujourd&rsquo;hui, il a livr\u00e9 cette promesse en livrant 4 frappes a\u00e9riennes y\u00e9m\u00e9nites sans pr\u00e9c\u00e9dent sur l&rsquo;a\u00e9roport d&rsquo;Abou Dhabi.<\/p>\n<p>\u00ab\u00a0J&rsquo;envoie une nouvelle onde de choc dans la r\u00e9gion. Je le dis depuis 2012 et je le r\u00e9p\u00e8te. Rien n&rsquo;arr\u00eatera Ansarullah de reprendre toute l&rsquo;Arabie. Ce n&rsquo;est qu&rsquo;une question de temps.\u00a0\u00bb<\/p>\n<p><iframe loading=\"lazy\" width=\"620\" height=\"405\" src=\"\/\/rutube.ru\/play\/embed\/11283221\" frameborder=\"0\" webkitAllowFullScreen mozallowfullscreen allowfullscreen><\/iframe><\/p>\n","protected":false},"excerpt":{"rendered":"Il y a 7 mois, le dirigeant Y\u00e9menite d'Ansarullah, Sayyid Abd Al-Malik Al-Houthi a promis : \" nous allons lui rendre la pareille !\" Aujourd'hui, il a livr\u00e9 cette promesse","protected":false},"author":2,"featured_media":0,"comment_status":"closed","ping_status":"open","sticky":false,"template":"","format":"standard","meta":[],"categories":[49],"tags":[],"_links":{"self":[{"href":"https:\/\/www.lejournalduforkane.com\/index.php\/wp-json\/wp\/v2\/posts\/21067"}],"collection":[{"href":"https:\/\/www.lejournalduforkane.com\/index.php\/wp-json\/wp\/v2\/posts"}],"about":[{"href":"https:\/\/www.lejournalduforkane.com\/index.php\/wp-json\/wp\/v2\/types\/post"}],"author":[{"embeddable":true,"href":"https:\/\/www.lejournalduforkane.com\/index.php\/wp-json\/wp\/v2\/users\/2"}],"replies":[{"embeddable":true,"href":"https:\/\/www.lejournalduforkane.com\/index.php\/wp-json\/wp\/v2\/comments?post=21067"}],"version-history":[{"count":1,"href":"https:\/\/www.lejournalduforkane.com\/index.php\/wp-json\/wp\/v2\/posts\/21067\/revisions"}],"predecessor-version":[{"id":21068,"href":"https:\/\/www.lejournalduforkane.com\/index.php\/wp-json\/wp\/v2\/posts\/21067\/revisions\/21068"}],"wp:attachment":[{"href":"https:\/\/www.lejournalduforkane.com\/index.php\/wp-json\/wp\/v2\/media?parent=21067"}],"wp:term":[{"taxonomy":"category","embeddable":true,"href":"https:\/\/www.lejournalduforkane.com\/index.php\/wp-json\/wp\/v2\/categories?post=21067"},{"taxonomy":"post_tag","embeddable":true,"href":"https:\/\/www.lejournalduforkane.com\/index.php\/wp-json\/wp\/v2\/tags?post=21067"}],"curies":[{"name":"wp","href":"https:\/\/api.w.org\/{rel}","templated":true}]}}