
{"id":21069,"date":"2018-07-29T18:52:40","date_gmt":"2018-07-29T18:52:40","guid":{"rendered":"https:\/\/www.lejournalduforkane.com\/?p=21069"},"modified":"2018-07-29T18:52:40","modified_gmt":"2018-07-29T18:52:40","slug":"regardez-un-groupe-de-fideles-palestiniens-a-cherche-refuge-contre-les-agressions-israeliennes-a-linterieur-de-la-mosquee-al-qibli","status":"publish","type":"post","link":"https:\/\/www.lejournalduforkane.com\/index.php\/regardez-un-groupe-de-fideles-palestiniens-a-cherche-refuge-contre-les-agressions-israeliennes-a-linterieur-de-la-mosquee-al-qibli\/","title":{"rendered":"Regardez | Un groupe de fid\u00e8les palestiniens a cherch\u00e9 refuge contre les agressions isra\u00e9liennes \u00e0 l&rsquo;int\u00e9rieur de la mosqu\u00e9e Al-Qibli"},"content":{"rendered":"<p><!--more--><\/p>\n<p>Regardez | Un groupe de fid\u00e8les palestiniens a cherch\u00e9 refuge contre les agressions isra\u00e9liennes \u00e0 l&rsquo;int\u00e9rieur de la mosqu\u00e9e Al-Qibli (une partie de la mosqu\u00e9e Al-Aqsa) mais ils ont \u00e9t\u00e9 suivis et attaqu\u00e9s par ces forces barbares !<\/p>\n<p><iframe loading=\"lazy\" width=\"620\" height=\"405\" src=\"\/\/rutube.ru\/play\/embed\/11283230\" frameborder=\"0\" webkitAllowFullScreen mozallowfullscreen allowfullscreen><\/iframe><\/p>\n","protected":false},"excerpt":{"rendered":"Regardez | Un groupe de fid\u00e8les palestiniens a cherch\u00e9 refuge contre les agressions isra\u00e9liennes \u00e0 l'int\u00e9rieur de la mosqu\u00e9e Al-Qibli (une partie de la mosqu\u00e9e Al-Aqsa) mais ils ont \u00e9t\u00e9","protected":false},"author":2,"featured_media":0,"comment_status":"closed","ping_status":"open","sticky":false,"template":"","format":"standard","meta":[],"categories":[49],"tags":[],"_links":{"self":[{"href":"https:\/\/www.lejournalduforkane.com\/index.php\/wp-json\/wp\/v2\/posts\/21069"}],"collection":[{"href":"https:\/\/www.lejournalduforkane.com\/index.php\/wp-json\/wp\/v2\/posts"}],"about":[{"href":"https:\/\/www.lejournalduforkane.com\/index.php\/wp-json\/wp\/v2\/types\/post"}],"author":[{"embeddable":true,"href":"https:\/\/www.lejournalduforkane.com\/index.php\/wp-json\/wp\/v2\/users\/2"}],"replies":[{"embeddable":true,"href":"https:\/\/www.lejournalduforkane.com\/index.php\/wp-json\/wp\/v2\/comments?post=21069"}],"version-history":[{"count":1,"href":"https:\/\/www.lejournalduforkane.com\/index.php\/wp-json\/wp\/v2\/posts\/21069\/revisions"}],"predecessor-version":[{"id":21071,"href":"https:\/\/www.lejournalduforkane.com\/index.php\/wp-json\/wp\/v2\/posts\/21069\/revisions\/21071"}],"wp:attachment":[{"href":"https:\/\/www.lejournalduforkane.com\/index.php\/wp-json\/wp\/v2\/media?parent=21069"}],"wp:term":[{"taxonomy":"category","embeddable":true,"href":"https:\/\/www.lejournalduforkane.com\/index.php\/wp-json\/wp\/v2\/categories?post=21069"},{"taxonomy":"post_tag","embeddable":true,"href":"https:\/\/www.lejournalduforkane.com\/index.php\/wp-json\/wp\/v2\/tags?post=21069"}],"curies":[{"name":"wp","href":"https:\/\/api.w.org\/{rel}","templated":true}]}}