
{"id":21112,"date":"2018-08-02T18:34:12","date_gmt":"2018-08-02T18:34:12","guid":{"rendered":"https:\/\/www.lejournalduforkane.com\/?p=21112"},"modified":"2018-08-02T18:34:12","modified_gmt":"2018-08-02T18:34:12","slug":"video-larmee-arabe-syrienne-a-capture-des-dizaines-de-terroristes-criminels-de-daesh-apres-les-avoir-vaincus-dans-le-bassin-de-yarmouk-daraa","status":"publish","type":"post","link":"https:\/\/www.lejournalduforkane.com\/index.php\/video-larmee-arabe-syrienne-a-capture-des-dizaines-de-terroristes-criminels-de-daesh-apres-les-avoir-vaincus-dans-le-bassin-de-yarmouk-daraa\/","title":{"rendered":"Vid\u00e9o : L&rsquo;Arm\u00e9e Arabe syrienne a captur\u00e9 des dizaines de terroristes criminels de Daesh apr\u00e8s les avoir vaincus dans le bassin de Yarmouk, Daraa"},"content":{"rendered":"<p><!--more--><\/p>\n<p> <iframe loading=\"lazy\" width=\"620\" height=\"405\" src=\"\/\/rutube.ru\/play\/embed\/11293117\" frameborder=\"0\" webkitAllowFullScreen mozallowfullscreen allowfullscreen><\/iframe><\/p>\n","protected":false},"excerpt":{"rendered":"","protected":false},"author":2,"featured_media":0,"comment_status":"closed","ping_status":"open","sticky":false,"template":"","format":"standard","meta":[],"categories":[49],"tags":[],"_links":{"self":[{"href":"https:\/\/www.lejournalduforkane.com\/index.php\/wp-json\/wp\/v2\/posts\/21112"}],"collection":[{"href":"https:\/\/www.lejournalduforkane.com\/index.php\/wp-json\/wp\/v2\/posts"}],"about":[{"href":"https:\/\/www.lejournalduforkane.com\/index.php\/wp-json\/wp\/v2\/types\/post"}],"author":[{"embeddable":true,"href":"https:\/\/www.lejournalduforkane.com\/index.php\/wp-json\/wp\/v2\/users\/2"}],"replies":[{"embeddable":true,"href":"https:\/\/www.lejournalduforkane.com\/index.php\/wp-json\/wp\/v2\/comments?post=21112"}],"version-history":[{"count":1,"href":"https:\/\/www.lejournalduforkane.com\/index.php\/wp-json\/wp\/v2\/posts\/21112\/revisions"}],"predecessor-version":[{"id":21114,"href":"https:\/\/www.lejournalduforkane.com\/index.php\/wp-json\/wp\/v2\/posts\/21112\/revisions\/21114"}],"wp:attachment":[{"href":"https:\/\/www.lejournalduforkane.com\/index.php\/wp-json\/wp\/v2\/media?parent=21112"}],"wp:term":[{"taxonomy":"category","embeddable":true,"href":"https:\/\/www.lejournalduforkane.com\/index.php\/wp-json\/wp\/v2\/categories?post=21112"},{"taxonomy":"post_tag","embeddable":true,"href":"https:\/\/www.lejournalduforkane.com\/index.php\/wp-json\/wp\/v2\/tags?post=21112"}],"curies":[{"name":"wp","href":"https:\/\/api.w.org\/{rel}","templated":true}]}}