
{"id":21117,"date":"2018-08-04T16:53:49","date_gmt":"2018-08-04T16:53:49","guid":{"rendered":"https:\/\/www.lejournalduforkane.com\/?p=21117"},"modified":"2018-08-04T16:53:49","modified_gmt":"2018-08-04T16:53:49","slug":"la-coalition-dirigee-par-larabie-saoudite-est-responsable-de-la-malnutrition-au-yemen","status":"publish","type":"post","link":"https:\/\/www.lejournalduforkane.com\/index.php\/la-coalition-dirigee-par-larabie-saoudite-est-responsable-de-la-malnutrition-au-yemen\/","title":{"rendered":"La Coalition dirig\u00e9e par l&rsquo;Arabie Saoudite est responsable de la malnutrition au Y\u00e9men."},"content":{"rendered":"<p><!--more-->La Coalition dirig\u00e9e par l&rsquo;Arabie Saoudite est responsable de la malnutrition au Y\u00e9men.<\/p>\n<p>Regardez cette vid\u00e9o<\/p>\n<p><iframe loading=\"lazy\" width=\"620\" height=\"405\" src=\"\/\/rutube.ru\/play\/embed\/11297008\" frameborder=\"0\" webkitAllowFullScreen mozallowfullscreen allowfullscreen><\/iframe><\/p>\n","protected":false},"excerpt":{"rendered":"La Coalition dirig\u00e9e par l'Arabie Saoudite est responsable de la malnutrition au Y\u00e9men. Regardez cette vid\u00e9o","protected":false},"author":2,"featured_media":0,"comment_status":"closed","ping_status":"open","sticky":false,"template":"","format":"standard","meta":[],"categories":[49],"tags":[],"_links":{"self":[{"href":"https:\/\/www.lejournalduforkane.com\/index.php\/wp-json\/wp\/v2\/posts\/21117"}],"collection":[{"href":"https:\/\/www.lejournalduforkane.com\/index.php\/wp-json\/wp\/v2\/posts"}],"about":[{"href":"https:\/\/www.lejournalduforkane.com\/index.php\/wp-json\/wp\/v2\/types\/post"}],"author":[{"embeddable":true,"href":"https:\/\/www.lejournalduforkane.com\/index.php\/wp-json\/wp\/v2\/users\/2"}],"replies":[{"embeddable":true,"href":"https:\/\/www.lejournalduforkane.com\/index.php\/wp-json\/wp\/v2\/comments?post=21117"}],"version-history":[{"count":1,"href":"https:\/\/www.lejournalduforkane.com\/index.php\/wp-json\/wp\/v2\/posts\/21117\/revisions"}],"predecessor-version":[{"id":21119,"href":"https:\/\/www.lejournalduforkane.com\/index.php\/wp-json\/wp\/v2\/posts\/21117\/revisions\/21119"}],"wp:attachment":[{"href":"https:\/\/www.lejournalduforkane.com\/index.php\/wp-json\/wp\/v2\/media?parent=21117"}],"wp:term":[{"taxonomy":"category","embeddable":true,"href":"https:\/\/www.lejournalduforkane.com\/index.php\/wp-json\/wp\/v2\/categories?post=21117"},{"taxonomy":"post_tag","embeddable":true,"href":"https:\/\/www.lejournalduforkane.com\/index.php\/wp-json\/wp\/v2\/tags?post=21117"}],"curies":[{"name":"wp","href":"https:\/\/api.w.org\/{rel}","templated":true}]}}