
{"id":21123,"date":"2018-08-04T17:02:31","date_gmt":"2018-08-04T17:02:31","guid":{"rendered":"https:\/\/www.lejournalduforkane.com\/?p=21123"},"modified":"2018-08-04T17:02:31","modified_gmt":"2018-08-04T17:02:31","slug":"pourquoi-la-france-ne-condamne-pas-ce-blocus-illegal-de-gaza","status":"publish","type":"post","link":"https:\/\/www.lejournalduforkane.com\/index.php\/pourquoi-la-france-ne-condamne-pas-ce-blocus-illegal-de-gaza\/","title":{"rendered":"\u201cPourquoi la France ne condamne pas ce blocus ill\u00e9gal de Gaza ?\u201d"},"content":{"rendered":"<p><!--more--><br \/>\n\u201cPourquoi la France ne condamne pas ce blocus ill\u00e9gal de Gaza ?\u201d<\/p>\n<p>Une question cruciale, abord\u00e9e par la d\u00e9put\u00e9e Elsa Faucillon \u00e0 l&rsquo;Assembl\u00e9e nationale.<\/p>\n<p><iframe loading=\"lazy\" width=\"620\" height=\"405\" src=\"\/\/rutube.ru\/play\/embed\/11297028\" frameborder=\"0\" webkitAllowFullScreen mozallowfullscreen allowfullscreen><\/iframe><\/p>\n","protected":false},"excerpt":{"rendered":"\u201cPourquoi la France ne condamne pas ce blocus ill\u00e9gal de Gaza ?\u201d Une question cruciale, abord\u00e9e par la d\u00e9put\u00e9e Elsa Faucillon \u00e0 l'Assembl\u00e9e nationale.","protected":false},"author":2,"featured_media":0,"comment_status":"closed","ping_status":"open","sticky":false,"template":"","format":"standard","meta":[],"categories":[49],"tags":[],"_links":{"self":[{"href":"https:\/\/www.lejournalduforkane.com\/index.php\/wp-json\/wp\/v2\/posts\/21123"}],"collection":[{"href":"https:\/\/www.lejournalduforkane.com\/index.php\/wp-json\/wp\/v2\/posts"}],"about":[{"href":"https:\/\/www.lejournalduforkane.com\/index.php\/wp-json\/wp\/v2\/types\/post"}],"author":[{"embeddable":true,"href":"https:\/\/www.lejournalduforkane.com\/index.php\/wp-json\/wp\/v2\/users\/2"}],"replies":[{"embeddable":true,"href":"https:\/\/www.lejournalduforkane.com\/index.php\/wp-json\/wp\/v2\/comments?post=21123"}],"version-history":[{"count":1,"href":"https:\/\/www.lejournalduforkane.com\/index.php\/wp-json\/wp\/v2\/posts\/21123\/revisions"}],"predecessor-version":[{"id":21125,"href":"https:\/\/www.lejournalduforkane.com\/index.php\/wp-json\/wp\/v2\/posts\/21123\/revisions\/21125"}],"wp:attachment":[{"href":"https:\/\/www.lejournalduforkane.com\/index.php\/wp-json\/wp\/v2\/media?parent=21123"}],"wp:term":[{"taxonomy":"category","embeddable":true,"href":"https:\/\/www.lejournalduforkane.com\/index.php\/wp-json\/wp\/v2\/categories?post=21123"},{"taxonomy":"post_tag","embeddable":true,"href":"https:\/\/www.lejournalduforkane.com\/index.php\/wp-json\/wp\/v2\/tags?post=21123"}],"curies":[{"name":"wp","href":"https:\/\/api.w.org\/{rel}","templated":true}]}}