
{"id":21139,"date":"2018-08-09T21:16:01","date_gmt":"2018-08-09T21:16:01","guid":{"rendered":"https:\/\/www.lejournalduforkane.com\/?p=21139"},"modified":"2018-08-11T21:19:53","modified_gmt":"2018-08-11T21:19:53","slug":"gaza-sous-lattaque-sauvage-israelienne","status":"publish","type":"post","link":"https:\/\/www.lejournalduforkane.com\/index.php\/gaza-sous-lattaque-sauvage-israelienne\/","title":{"rendered":"Gaza sous l&rsquo;attaque sauvage isra\u00e9lienne"},"content":{"rendered":"<p><!--more--><\/p>\n<p>Gaza sous l&rsquo;attaque sauvage isra\u00e9lienne<\/p>\n<p>&#8211; Depuis 20 heures, les frappes a\u00e9riennes isra\u00e9liennes ciblent les quartiers civils \u00e0 Gaza non-STOP.<\/p>\n<p>Victimes : une femme enceinte dans son 9\u00e8me mois &#038; sa fille de 1 ans et demi, et 1 homme<\/p>\n<p><iframe loading=\"lazy\" width=\"620\" height=\"405\" src=\"\/\/rutube.ru\/play\/embed\/11313091\" frameborder=\"0\" webkitAllowFullScreen mozallowfullscreen allowfullscreen><\/iframe><\/p>\n","protected":false},"excerpt":{"rendered":"Gaza sous l'attaque sauvage isra\u00e9lienne - Depuis 20 heures, les frappes a\u00e9riennes isra\u00e9liennes ciblent les quartiers civils \u00e0 Gaza non-STOP. Victimes : une femme enceinte dans son 9\u00e8me mois &","protected":false},"author":2,"featured_media":0,"comment_status":"closed","ping_status":"open","sticky":false,"template":"","format":"standard","meta":[],"categories":[49],"tags":[],"_links":{"self":[{"href":"https:\/\/www.lejournalduforkane.com\/index.php\/wp-json\/wp\/v2\/posts\/21139"}],"collection":[{"href":"https:\/\/www.lejournalduforkane.com\/index.php\/wp-json\/wp\/v2\/posts"}],"about":[{"href":"https:\/\/www.lejournalduforkane.com\/index.php\/wp-json\/wp\/v2\/types\/post"}],"author":[{"embeddable":true,"href":"https:\/\/www.lejournalduforkane.com\/index.php\/wp-json\/wp\/v2\/users\/2"}],"replies":[{"embeddable":true,"href":"https:\/\/www.lejournalduforkane.com\/index.php\/wp-json\/wp\/v2\/comments?post=21139"}],"version-history":[{"count":1,"href":"https:\/\/www.lejournalduforkane.com\/index.php\/wp-json\/wp\/v2\/posts\/21139\/revisions"}],"predecessor-version":[{"id":21141,"href":"https:\/\/www.lejournalduforkane.com\/index.php\/wp-json\/wp\/v2\/posts\/21139\/revisions\/21141"}],"wp:attachment":[{"href":"https:\/\/www.lejournalduforkane.com\/index.php\/wp-json\/wp\/v2\/media?parent=21139"}],"wp:term":[{"taxonomy":"category","embeddable":true,"href":"https:\/\/www.lejournalduforkane.com\/index.php\/wp-json\/wp\/v2\/categories?post=21139"},{"taxonomy":"post_tag","embeddable":true,"href":"https:\/\/www.lejournalduforkane.com\/index.php\/wp-json\/wp\/v2\/tags?post=21139"}],"curies":[{"name":"wp","href":"https:\/\/api.w.org\/{rel}","templated":true}]}}