
{"id":21142,"date":"2018-08-11T21:22:41","date_gmt":"2018-08-11T21:22:41","guid":{"rendered":"https:\/\/www.lejournalduforkane.com\/?p=21142"},"modified":"2018-08-11T21:22:41","modified_gmt":"2018-08-11T21:22:41","slug":"sayyed-ali-khamenei-il-ny-a-pas-de-difference-entre-les-habitants-de-la-mecque-et-ceux-qui-vivent-ailleurs-cet-endroit-appartient-a-tout-le-monde-cette-terre-appartient-a-tous-les-musulmans","status":"publish","type":"post","link":"https:\/\/www.lejournalduforkane.com\/index.php\/sayyed-ali-khamenei-il-ny-a-pas-de-difference-entre-les-habitants-de-la-mecque-et-ceux-qui-vivent-ailleurs-cet-endroit-appartient-a-tout-le-monde-cette-terre-appartient-a-tous-les-musulmans\/","title":{"rendered":"Sayyed Ali Khamenei : \u00ab\u00a0Il n&rsquo;y a pas de diff\u00e9rence entre les habitants de la Mecque et ceux qui vivent ailleurs. Cet endroit appartient \u00e0 tout le monde. Cette terre appartient \u00e0 tous les Musulmans.\u00a0\u00bb"},"content":{"rendered":"<p><!--more--><\/p>\n<p>Sayyed Ali Khamenei : \u00ab\u00a0Il n&rsquo;y a pas de diff\u00e9rence entre les habitants de la Mecque et ceux qui vivent ailleurs. Cet endroit appartient \u00e0 tout le monde. Cette terre appartient \u00e0 tous les Musulmans.\u00a0\u00bb<\/p>\n<p><iframe loading=\"lazy\" width=\"620\" height=\"405\" src=\"\/\/rutube.ru\/play\/embed\/11313096\" frameborder=\"0\" webkitAllowFullScreen mozallowfullscreen allowfullscreen><\/iframe><\/p>\n","protected":false},"excerpt":{"rendered":"Sayyed Ali Khamenei : \"Il n'y a pas de diff\u00e9rence entre les habitants de la Mecque et ceux qui vivent ailleurs. Cet endroit appartient \u00e0 tout le monde. Cette terre","protected":false},"author":2,"featured_media":0,"comment_status":"closed","ping_status":"open","sticky":false,"template":"","format":"standard","meta":[],"categories":[49],"tags":[],"_links":{"self":[{"href":"https:\/\/www.lejournalduforkane.com\/index.php\/wp-json\/wp\/v2\/posts\/21142"}],"collection":[{"href":"https:\/\/www.lejournalduforkane.com\/index.php\/wp-json\/wp\/v2\/posts"}],"about":[{"href":"https:\/\/www.lejournalduforkane.com\/index.php\/wp-json\/wp\/v2\/types\/post"}],"author":[{"embeddable":true,"href":"https:\/\/www.lejournalduforkane.com\/index.php\/wp-json\/wp\/v2\/users\/2"}],"replies":[{"embeddable":true,"href":"https:\/\/www.lejournalduforkane.com\/index.php\/wp-json\/wp\/v2\/comments?post=21142"}],"version-history":[{"count":1,"href":"https:\/\/www.lejournalduforkane.com\/index.php\/wp-json\/wp\/v2\/posts\/21142\/revisions"}],"predecessor-version":[{"id":21145,"href":"https:\/\/www.lejournalduforkane.com\/index.php\/wp-json\/wp\/v2\/posts\/21142\/revisions\/21145"}],"wp:attachment":[{"href":"https:\/\/www.lejournalduforkane.com\/index.php\/wp-json\/wp\/v2\/media?parent=21142"}],"wp:term":[{"taxonomy":"category","embeddable":true,"href":"https:\/\/www.lejournalduforkane.com\/index.php\/wp-json\/wp\/v2\/categories?post=21142"},{"taxonomy":"post_tag","embeddable":true,"href":"https:\/\/www.lejournalduforkane.com\/index.php\/wp-json\/wp\/v2\/tags?post=21142"}],"curies":[{"name":"wp","href":"https:\/\/api.w.org\/{rel}","templated":true}]}}