
{"id":21146,"date":"2018-08-11T21:27:55","date_gmt":"2018-08-11T21:27:55","guid":{"rendered":"https:\/\/www.lejournalduforkane.com\/?p=21146"},"modified":"2018-08-11T21:27:55","modified_gmt":"2018-08-11T21:27:55","slug":"les-enfants-palestiniens-ont-ete-traumatises-et-choques-a-la-suite-de-la-derniere-frappe-aerienne-israelienne-qui-a-cible-un-centre-culturel-a-louest-de-la-ville-de-gaza","status":"publish","type":"post","link":"https:\/\/www.lejournalduforkane.com\/index.php\/les-enfants-palestiniens-ont-ete-traumatises-et-choques-a-la-suite-de-la-derniere-frappe-aerienne-israelienne-qui-a-cible-un-centre-culturel-a-louest-de-la-ville-de-gaza\/","title":{"rendered":"Les enfants palestiniens ont \u00e9t\u00e9 traumatis\u00e9s et choqu\u00e9s \u00e0 la suite de la derni\u00e8re frappe a\u00e9rienne isra\u00e9lienne qui a cibl\u00e9 un centre culturel \u00e0 l&rsquo;ouest de la ville de Gaza."},"content":{"rendered":"<p><!--more--><\/p>\n<p><iframe loading=\"lazy\" width=\"720\" height=\"405\" src=\"\/\/rutube.ru\/play\/embed\/11313105\" frameborder=\"0\" webkitAllowFullScreen mozallowfullscreen allowfullscreen><\/iframe><\/p>\n","protected":false},"excerpt":{"rendered":"","protected":false},"author":2,"featured_media":0,"comment_status":"closed","ping_status":"open","sticky":false,"template":"","format":"standard","meta":[],"categories":[49],"tags":[],"_links":{"self":[{"href":"https:\/\/www.lejournalduforkane.com\/index.php\/wp-json\/wp\/v2\/posts\/21146"}],"collection":[{"href":"https:\/\/www.lejournalduforkane.com\/index.php\/wp-json\/wp\/v2\/posts"}],"about":[{"href":"https:\/\/www.lejournalduforkane.com\/index.php\/wp-json\/wp\/v2\/types\/post"}],"author":[{"embeddable":true,"href":"https:\/\/www.lejournalduforkane.com\/index.php\/wp-json\/wp\/v2\/users\/2"}],"replies":[{"embeddable":true,"href":"https:\/\/www.lejournalduforkane.com\/index.php\/wp-json\/wp\/v2\/comments?post=21146"}],"version-history":[{"count":2,"href":"https:\/\/www.lejournalduforkane.com\/index.php\/wp-json\/wp\/v2\/posts\/21146\/revisions"}],"predecessor-version":[{"id":21149,"href":"https:\/\/www.lejournalduforkane.com\/index.php\/wp-json\/wp\/v2\/posts\/21146\/revisions\/21149"}],"wp:attachment":[{"href":"https:\/\/www.lejournalduforkane.com\/index.php\/wp-json\/wp\/v2\/media?parent=21146"}],"wp:term":[{"taxonomy":"category","embeddable":true,"href":"https:\/\/www.lejournalduforkane.com\/index.php\/wp-json\/wp\/v2\/categories?post=21146"},{"taxonomy":"post_tag","embeddable":true,"href":"https:\/\/www.lejournalduforkane.com\/index.php\/wp-json\/wp\/v2\/tags?post=21146"}],"curies":[{"name":"wp","href":"https:\/\/api.w.org\/{rel}","templated":true}]}}