
{"id":21159,"date":"2018-08-12T18:34:58","date_gmt":"2018-08-12T18:34:58","guid":{"rendered":"https:\/\/www.lejournalduforkane.com\/?p=21159"},"modified":"2018-08-12T18:34:58","modified_gmt":"2018-08-12T18:34:58","slug":"une-video-montre-des-enfants-de-lecole-yemenite-avant-detre-assassines-par-des-combattants-saoudiens-laches","status":"publish","type":"post","link":"https:\/\/www.lejournalduforkane.com\/index.php\/une-video-montre-des-enfants-de-lecole-yemenite-avant-detre-assassines-par-des-combattants-saoudiens-laches\/","title":{"rendered":"Une vid\u00e9o montre des enfants de l&rsquo;\u00e9cole y\u00e9m\u00e9nite avant d&rsquo;\u00eatre assassin\u00e9s par des combattants saoudiens l\u00e2ches."},"content":{"rendered":"<p><!--more--><\/p>\n<p><iframe loading=\"lazy\" width=\"620\" height=\"405\" src=\"\/\/rutube.ru\/play\/embed\/11314714\" frameborder=\"0\" webkitAllowFullScreen mozallowfullscreen allowfullscreen><\/iframe><\/p>\n","protected":false},"excerpt":{"rendered":"","protected":false},"author":2,"featured_media":0,"comment_status":"closed","ping_status":"open","sticky":false,"template":"","format":"standard","meta":[],"categories":[49],"tags":[],"_links":{"self":[{"href":"https:\/\/www.lejournalduforkane.com\/index.php\/wp-json\/wp\/v2\/posts\/21159"}],"collection":[{"href":"https:\/\/www.lejournalduforkane.com\/index.php\/wp-json\/wp\/v2\/posts"}],"about":[{"href":"https:\/\/www.lejournalduforkane.com\/index.php\/wp-json\/wp\/v2\/types\/post"}],"author":[{"embeddable":true,"href":"https:\/\/www.lejournalduforkane.com\/index.php\/wp-json\/wp\/v2\/users\/2"}],"replies":[{"embeddable":true,"href":"https:\/\/www.lejournalduforkane.com\/index.php\/wp-json\/wp\/v2\/comments?post=21159"}],"version-history":[{"count":1,"href":"https:\/\/www.lejournalduforkane.com\/index.php\/wp-json\/wp\/v2\/posts\/21159\/revisions"}],"predecessor-version":[{"id":21161,"href":"https:\/\/www.lejournalduforkane.com\/index.php\/wp-json\/wp\/v2\/posts\/21159\/revisions\/21161"}],"wp:attachment":[{"href":"https:\/\/www.lejournalduforkane.com\/index.php\/wp-json\/wp\/v2\/media?parent=21159"}],"wp:term":[{"taxonomy":"category","embeddable":true,"href":"https:\/\/www.lejournalduforkane.com\/index.php\/wp-json\/wp\/v2\/categories?post=21159"},{"taxonomy":"post_tag","embeddable":true,"href":"https:\/\/www.lejournalduforkane.com\/index.php\/wp-json\/wp\/v2\/tags?post=21159"}],"curies":[{"name":"wp","href":"https:\/\/api.w.org\/{rel}","templated":true}]}}