
{"id":21173,"date":"2018-08-14T15:05:23","date_gmt":"2018-08-14T15:05:23","guid":{"rendered":"https:\/\/www.lejournalduforkane.com\/?p=21173"},"modified":"2018-08-14T15:05:23","modified_gmt":"2018-08-14T15:05:23","slug":"au-cours-des-dernieres-24-heures-israel-a-lance-une-campagne-de-bombardements-a-gaza","status":"publish","type":"post","link":"https:\/\/www.lejournalduforkane.com\/index.php\/au-cours-des-dernieres-24-heures-israel-a-lance-une-campagne-de-bombardements-a-gaza\/","title":{"rendered":"Au cours des derni\u00e8res 24 heures, Isra\u00ebl a lanc\u00e9 une campagne de bombardements \u00e0 Gaza."},"content":{"rendered":"<p><!--more--><\/p>\n<p>Au cours des derni\u00e8res 24 heures, Isra\u00ebl a lanc\u00e9 une campagne de bombardements \u00e0 Gaza.<\/p>\n<p>Aucun m\u00e9dia en Occident n&rsquo;a montr\u00e9 d&rsquo;images.<\/p>\n<p>Mais imaginez si c&rsquo;\u00e9tait un quartier isra\u00e9lien, et que des avions de guerre palestiniens (qui n&rsquo;existent pas) \u00e9taient en train de le bombarder&#8230;<\/p>\n<p><iframe loading=\"lazy\" width=\"620\" height=\"405\" src=\"\/\/rutube.ru\/play\/embed\/11319314\" frameborder=\"0\" webkitAllowFullScreen mozallowfullscreen allowfullscreen><\/iframe><\/p>\n","protected":false},"excerpt":{"rendered":"Au cours des derni\u00e8res 24 heures, Isra\u00ebl a lanc\u00e9 une campagne de bombardements \u00e0 Gaza. Aucun m\u00e9dia en Occident n'a montr\u00e9 d'images. Mais imaginez si c'\u00e9tait un quartier isra\u00e9lien, et","protected":false},"author":2,"featured_media":0,"comment_status":"closed","ping_status":"open","sticky":false,"template":"","format":"standard","meta":[],"categories":[49],"tags":[],"_links":{"self":[{"href":"https:\/\/www.lejournalduforkane.com\/index.php\/wp-json\/wp\/v2\/posts\/21173"}],"collection":[{"href":"https:\/\/www.lejournalduforkane.com\/index.php\/wp-json\/wp\/v2\/posts"}],"about":[{"href":"https:\/\/www.lejournalduforkane.com\/index.php\/wp-json\/wp\/v2\/types\/post"}],"author":[{"embeddable":true,"href":"https:\/\/www.lejournalduforkane.com\/index.php\/wp-json\/wp\/v2\/users\/2"}],"replies":[{"embeddable":true,"href":"https:\/\/www.lejournalduforkane.com\/index.php\/wp-json\/wp\/v2\/comments?post=21173"}],"version-history":[{"count":1,"href":"https:\/\/www.lejournalduforkane.com\/index.php\/wp-json\/wp\/v2\/posts\/21173\/revisions"}],"predecessor-version":[{"id":21175,"href":"https:\/\/www.lejournalduforkane.com\/index.php\/wp-json\/wp\/v2\/posts\/21173\/revisions\/21175"}],"wp:attachment":[{"href":"https:\/\/www.lejournalduforkane.com\/index.php\/wp-json\/wp\/v2\/media?parent=21173"}],"wp:term":[{"taxonomy":"category","embeddable":true,"href":"https:\/\/www.lejournalduforkane.com\/index.php\/wp-json\/wp\/v2\/categories?post=21173"},{"taxonomy":"post_tag","embeddable":true,"href":"https:\/\/www.lejournalduforkane.com\/index.php\/wp-json\/wp\/v2\/tags?post=21173"}],"curies":[{"name":"wp","href":"https:\/\/api.w.org\/{rel}","templated":true}]}}