
{"id":21176,"date":"2018-08-14T15:09:46","date_gmt":"2018-08-14T15:09:46","guid":{"rendered":"https:\/\/www.lejournalduforkane.com\/?p=21176"},"modified":"2018-08-14T15:09:46","modified_gmt":"2018-08-14T15:09:46","slug":"les-soldats-de-loccupation-israelienne-ont-agresse-et-maltraite-des-enfants-palestiniens","status":"publish","type":"post","link":"https:\/\/www.lejournalduforkane.com\/index.php\/les-soldats-de-loccupation-israelienne-ont-agresse-et-maltraite-des-enfants-palestiniens\/","title":{"rendered":"Les soldats de l&rsquo;occupation isra\u00e9lienne ont agress\u00e9 et maltrait\u00e9 des enfants palestiniens"},"content":{"rendered":"<p><!--more--><\/p>\n<p>Regardez | Les soldats de l&rsquo;occupation isra\u00e9lienne ont agress\u00e9 et maltrait\u00e9 des enfants palestiniens, les ont emp\u00each\u00e9s de jouer et confisqu\u00e9 leur v\u00e9lo dans la vieille ville d&rsquo;Al-Khalil<\/p>\n<p><iframe loading=\"lazy\" width=\"620\" height=\"405\" src=\"\/\/rutube.ru\/play\/embed\/11319323\" frameborder=\"0\" webkitAllowFullScreen mozallowfullscreen allowfullscreen><\/iframe><\/p>\n","protected":false},"excerpt":{"rendered":"Regardez | Les soldats de l'occupation isra\u00e9lienne ont agress\u00e9 et maltrait\u00e9 des enfants palestiniens, les ont emp\u00each\u00e9s de jouer et confisqu\u00e9 leur v\u00e9lo dans la vieille ville d'Al-Khalil","protected":false},"author":2,"featured_media":0,"comment_status":"closed","ping_status":"open","sticky":false,"template":"","format":"standard","meta":[],"categories":[49],"tags":[],"_links":{"self":[{"href":"https:\/\/www.lejournalduforkane.com\/index.php\/wp-json\/wp\/v2\/posts\/21176"}],"collection":[{"href":"https:\/\/www.lejournalduforkane.com\/index.php\/wp-json\/wp\/v2\/posts"}],"about":[{"href":"https:\/\/www.lejournalduforkane.com\/index.php\/wp-json\/wp\/v2\/types\/post"}],"author":[{"embeddable":true,"href":"https:\/\/www.lejournalduforkane.com\/index.php\/wp-json\/wp\/v2\/users\/2"}],"replies":[{"embeddable":true,"href":"https:\/\/www.lejournalduforkane.com\/index.php\/wp-json\/wp\/v2\/comments?post=21176"}],"version-history":[{"count":1,"href":"https:\/\/www.lejournalduforkane.com\/index.php\/wp-json\/wp\/v2\/posts\/21176\/revisions"}],"predecessor-version":[{"id":21178,"href":"https:\/\/www.lejournalduforkane.com\/index.php\/wp-json\/wp\/v2\/posts\/21176\/revisions\/21178"}],"wp:attachment":[{"href":"https:\/\/www.lejournalduforkane.com\/index.php\/wp-json\/wp\/v2\/media?parent=21176"}],"wp:term":[{"taxonomy":"category","embeddable":true,"href":"https:\/\/www.lejournalduforkane.com\/index.php\/wp-json\/wp\/v2\/categories?post=21176"},{"taxonomy":"post_tag","embeddable":true,"href":"https:\/\/www.lejournalduforkane.com\/index.php\/wp-json\/wp\/v2\/tags?post=21176"}],"curies":[{"name":"wp","href":"https:\/\/api.w.org\/{rel}","templated":true}]}}