
{"id":21180,"date":"2018-08-15T18:36:01","date_gmt":"2018-08-15T18:36:01","guid":{"rendered":"https:\/\/www.lejournalduforkane.com\/?p=21180"},"modified":"2018-08-15T18:36:01","modified_gmt":"2018-08-15T18:36:01","slug":"plus-de-10-000-personnes-ont-ete-tuees-en-3-ans-de-guerre-au-yemen-selon-lonu","status":"publish","type":"post","link":"https:\/\/www.lejournalduforkane.com\/index.php\/plus-de-10-000-personnes-ont-ete-tuees-en-3-ans-de-guerre-au-yemen-selon-lonu\/","title":{"rendered":"Plus de 10 000 personnes ont \u00e9t\u00e9 tu\u00e9es en 3 ans de guerre au Y\u00e9men, selon l&rsquo;ONU."},"content":{"rendered":"<p><!--more--><\/p>\n<p>Plus de 10 000 personnes ont \u00e9t\u00e9 tu\u00e9es en 3 ans de guerre au Y\u00e9men, selon l&rsquo;ONU.<\/p>\n<p>Un blocus saoudien a contribu\u00e9 \u00e0 la famine et \u00e0 la maladie ; la campagne de bombardement men\u00e9e par l&rsquo;Arabie Saoudite avec le soutien des \u00c9tats-Unis, a frapp\u00e9 les \u00e9coles et les mariages..<\/p>\n<p><iframe loading=\"lazy\" width=\"620\" height=\"405\" src=\"\/\/rutube.ru\/play\/embed\/11321984\" frameborder=\"0\" webkitAllowFullScreen mozallowfullscreen allowfullscreen><\/iframe><\/p>\n","protected":false},"excerpt":{"rendered":"Plus de 10 000 personnes ont \u00e9t\u00e9 tu\u00e9es en 3 ans de guerre au Y\u00e9men, selon l'ONU. Un blocus saoudien a contribu\u00e9 \u00e0 la famine et \u00e0 la maladie ;","protected":false},"author":2,"featured_media":0,"comment_status":"closed","ping_status":"open","sticky":false,"template":"","format":"standard","meta":[],"categories":[49],"tags":[],"_links":{"self":[{"href":"https:\/\/www.lejournalduforkane.com\/index.php\/wp-json\/wp\/v2\/posts\/21180"}],"collection":[{"href":"https:\/\/www.lejournalduforkane.com\/index.php\/wp-json\/wp\/v2\/posts"}],"about":[{"href":"https:\/\/www.lejournalduforkane.com\/index.php\/wp-json\/wp\/v2\/types\/post"}],"author":[{"embeddable":true,"href":"https:\/\/www.lejournalduforkane.com\/index.php\/wp-json\/wp\/v2\/users\/2"}],"replies":[{"embeddable":true,"href":"https:\/\/www.lejournalduforkane.com\/index.php\/wp-json\/wp\/v2\/comments?post=21180"}],"version-history":[{"count":1,"href":"https:\/\/www.lejournalduforkane.com\/index.php\/wp-json\/wp\/v2\/posts\/21180\/revisions"}],"predecessor-version":[{"id":21182,"href":"https:\/\/www.lejournalduforkane.com\/index.php\/wp-json\/wp\/v2\/posts\/21180\/revisions\/21182"}],"wp:attachment":[{"href":"https:\/\/www.lejournalduforkane.com\/index.php\/wp-json\/wp\/v2\/media?parent=21180"}],"wp:term":[{"taxonomy":"category","embeddable":true,"href":"https:\/\/www.lejournalduforkane.com\/index.php\/wp-json\/wp\/v2\/categories?post=21180"},{"taxonomy":"post_tag","embeddable":true,"href":"https:\/\/www.lejournalduforkane.com\/index.php\/wp-json\/wp\/v2\/tags?post=21180"}],"curies":[{"name":"wp","href":"https:\/\/api.w.org\/{rel}","templated":true}]}}