
{"id":21183,"date":"2018-08-15T18:42:03","date_gmt":"2018-08-15T18:42:03","guid":{"rendered":"https:\/\/www.lejournalduforkane.com\/?p=21183"},"modified":"2018-08-15T18:42:03","modified_gmt":"2018-08-15T18:42:03","slug":"yemen-les-larmes-de-crocodile-du-representant-de-lonu-lise-grande","status":"publish","type":"post","link":"https:\/\/www.lejournalduforkane.com\/index.php\/yemen-les-larmes-de-crocodile-du-representant-de-lonu-lise-grande\/","title":{"rendered":"Y\u00e9men: Les larmes de crocodile du repr\u00e9sentant de l&rsquo;ONU, Lise Grande"},"content":{"rendered":"<p><!--more--><\/p>\n<p>Les larmes de crocodile du repr\u00e9sentant de l&rsquo;ONU, Lise Grande, qui a visit\u00e9 les bless\u00e9s de l&rsquo;attaque saoudienne contre le bus scolaire y\u00e9m\u00e9nite.<br \/>\nLa question est de savoir pourquoi l&rsquo;ONU donne le feu vert \u00e0 la coalition Arabo-US pour bombarder les enfants y\u00e9m\u00e9nites depuis 4 ans.<\/p>\n<p><iframe loading=\"lazy\" width=\"620\" height=\"405\" src=\"\/\/rutube.ru\/play\/embed\/11321990\" frameborder=\"0\" webkitAllowFullScreen mozallowfullscreen allowfullscreen><\/iframe><\/p>\n","protected":false},"excerpt":{"rendered":"Les larmes de crocodile du repr\u00e9sentant de l'ONU, Lise Grande, qui a visit\u00e9 les bless\u00e9s de l'attaque saoudienne contre le bus scolaire y\u00e9m\u00e9nite. La question est de savoir pourquoi l'ONU","protected":false},"author":2,"featured_media":0,"comment_status":"closed","ping_status":"open","sticky":false,"template":"","format":"standard","meta":[],"categories":[49],"tags":[],"_links":{"self":[{"href":"https:\/\/www.lejournalduforkane.com\/index.php\/wp-json\/wp\/v2\/posts\/21183"}],"collection":[{"href":"https:\/\/www.lejournalduforkane.com\/index.php\/wp-json\/wp\/v2\/posts"}],"about":[{"href":"https:\/\/www.lejournalduforkane.com\/index.php\/wp-json\/wp\/v2\/types\/post"}],"author":[{"embeddable":true,"href":"https:\/\/www.lejournalduforkane.com\/index.php\/wp-json\/wp\/v2\/users\/2"}],"replies":[{"embeddable":true,"href":"https:\/\/www.lejournalduforkane.com\/index.php\/wp-json\/wp\/v2\/comments?post=21183"}],"version-history":[{"count":1,"href":"https:\/\/www.lejournalduforkane.com\/index.php\/wp-json\/wp\/v2\/posts\/21183\/revisions"}],"predecessor-version":[{"id":21185,"href":"https:\/\/www.lejournalduforkane.com\/index.php\/wp-json\/wp\/v2\/posts\/21183\/revisions\/21185"}],"wp:attachment":[{"href":"https:\/\/www.lejournalduforkane.com\/index.php\/wp-json\/wp\/v2\/media?parent=21183"}],"wp:term":[{"taxonomy":"category","embeddable":true,"href":"https:\/\/www.lejournalduforkane.com\/index.php\/wp-json\/wp\/v2\/categories?post=21183"},{"taxonomy":"post_tag","embeddable":true,"href":"https:\/\/www.lejournalduforkane.com\/index.php\/wp-json\/wp\/v2\/tags?post=21183"}],"curies":[{"name":"wp","href":"https:\/\/api.w.org\/{rel}","templated":true}]}}