
{"id":21194,"date":"2018-08-18T16:11:49","date_gmt":"2018-08-18T16:11:49","guid":{"rendered":"https:\/\/www.lejournalduforkane.com\/?p=21194"},"modified":"2018-08-18T16:11:49","modified_gmt":"2018-08-18T16:11:49","slug":"quelque-chose-que-le-premier-ministre-britannique-theresa-may-ne-veut-pas-que-vous-sachiez","status":"publish","type":"post","link":"https:\/\/www.lejournalduforkane.com\/index.php\/quelque-chose-que-le-premier-ministre-britannique-theresa-may-ne-veut-pas-que-vous-sachiez\/","title":{"rendered":"Quelque chose que le premier ministre britannique Theresa May ne veut pas que vous sachiez"},"content":{"rendered":"<p><!--more--><\/p>\n<p>Quelque chose que le premier ministre britannique Theresa May ne veut pas que vous sachiez :<\/p>\n<p>Depuis que l&rsquo;Arabie Saoudite a commenc\u00e9 \u00e0 bombarder et \u00e0 affamer le peuple y\u00e9m\u00e9nite en mars 2015, le gouvernement britannique a augment\u00e9 les ventes d&rsquo;armes \u00e0 la dictature de Riyad de pr\u00e8s de 500 %.<\/p>\n<p><iframe loading=\"lazy\" width=\"620\" height=\"405\" src=\"\/\/rutube.ru\/play\/embed\/11327694\" frameborder=\"0\" webkitAllowFullScreen mozallowfullscreen allowfullscreen><\/iframe><\/p>\n","protected":false},"excerpt":{"rendered":"Quelque chose que le premier ministre britannique Theresa May ne veut pas que vous sachiez : Depuis que l'Arabie Saoudite a commenc\u00e9 \u00e0 bombarder et \u00e0 affamer le peuple y\u00e9m\u00e9nite","protected":false},"author":2,"featured_media":0,"comment_status":"closed","ping_status":"open","sticky":false,"template":"","format":"standard","meta":[],"categories":[49],"tags":[],"_links":{"self":[{"href":"https:\/\/www.lejournalduforkane.com\/index.php\/wp-json\/wp\/v2\/posts\/21194"}],"collection":[{"href":"https:\/\/www.lejournalduforkane.com\/index.php\/wp-json\/wp\/v2\/posts"}],"about":[{"href":"https:\/\/www.lejournalduforkane.com\/index.php\/wp-json\/wp\/v2\/types\/post"}],"author":[{"embeddable":true,"href":"https:\/\/www.lejournalduforkane.com\/index.php\/wp-json\/wp\/v2\/users\/2"}],"replies":[{"embeddable":true,"href":"https:\/\/www.lejournalduforkane.com\/index.php\/wp-json\/wp\/v2\/comments?post=21194"}],"version-history":[{"count":1,"href":"https:\/\/www.lejournalduforkane.com\/index.php\/wp-json\/wp\/v2\/posts\/21194\/revisions"}],"predecessor-version":[{"id":21196,"href":"https:\/\/www.lejournalduforkane.com\/index.php\/wp-json\/wp\/v2\/posts\/21194\/revisions\/21196"}],"wp:attachment":[{"href":"https:\/\/www.lejournalduforkane.com\/index.php\/wp-json\/wp\/v2\/media?parent=21194"}],"wp:term":[{"taxonomy":"category","embeddable":true,"href":"https:\/\/www.lejournalduforkane.com\/index.php\/wp-json\/wp\/v2\/categories?post=21194"},{"taxonomy":"post_tag","embeddable":true,"href":"https:\/\/www.lejournalduforkane.com\/index.php\/wp-json\/wp\/v2\/tags?post=21194"}],"curies":[{"name":"wp","href":"https:\/\/api.w.org\/{rel}","templated":true}]}}