
{"id":21204,"date":"2018-08-19T17:11:54","date_gmt":"2018-08-19T17:11:54","guid":{"rendered":"https:\/\/www.lejournalduforkane.com\/?p=21204"},"modified":"2018-08-19T17:11:54","modified_gmt":"2018-08-19T17:11:54","slug":"il-a-fallu-la-mort-de-40-enfants-yemenites-pour-que-nos-medias-fassent-un-rapport-honnete","status":"publish","type":"post","link":"https:\/\/www.lejournalduforkane.com\/index.php\/il-a-fallu-la-mort-de-40-enfants-yemenites-pour-que-nos-medias-fassent-un-rapport-honnete\/","title":{"rendered":"Il a fallu la mort de 40 enfants y\u00e9m\u00e9nites pour que nos m\u00e9dias fassent un rapport honn\u00eate !"},"content":{"rendered":"<p><!--more--><\/p>\n<p>Il a fallu la mort de 40 enfants y\u00e9m\u00e9nites pour que nos m\u00e9dias fassent un rapport honn\u00eate !<\/p>\n<p>R\u00e9veillez-vous ! le Y\u00e9men n&rsquo;a pas fait les gros titres pour : \u00ab\u00a0toutes les 10 minutes = un enfant au Y\u00e9men meurt de maladies \u00e9vitables\u00a0\u00bb<\/p>\n<p><iframe loading=\"lazy\" width=\"620\" height=\"405\" src=\"\/\/rutube.ru\/play\/embed\/11329220\" frameborder=\"0\" webkitAllowFullScreen mozallowfullscreen allowfullscreen><\/iframe><\/p>\n","protected":false},"excerpt":{"rendered":"Il a fallu la mort de 40 enfants y\u00e9m\u00e9nites pour que nos m\u00e9dias fassent un rapport honn\u00eate ! R\u00e9veillez-vous ! le Y\u00e9men n'a pas fait les gros titres pour :","protected":false},"author":2,"featured_media":0,"comment_status":"closed","ping_status":"open","sticky":false,"template":"","format":"standard","meta":[],"categories":[49],"tags":[],"_links":{"self":[{"href":"https:\/\/www.lejournalduforkane.com\/index.php\/wp-json\/wp\/v2\/posts\/21204"}],"collection":[{"href":"https:\/\/www.lejournalduforkane.com\/index.php\/wp-json\/wp\/v2\/posts"}],"about":[{"href":"https:\/\/www.lejournalduforkane.com\/index.php\/wp-json\/wp\/v2\/types\/post"}],"author":[{"embeddable":true,"href":"https:\/\/www.lejournalduforkane.com\/index.php\/wp-json\/wp\/v2\/users\/2"}],"replies":[{"embeddable":true,"href":"https:\/\/www.lejournalduforkane.com\/index.php\/wp-json\/wp\/v2\/comments?post=21204"}],"version-history":[{"count":1,"href":"https:\/\/www.lejournalduforkane.com\/index.php\/wp-json\/wp\/v2\/posts\/21204\/revisions"}],"predecessor-version":[{"id":21206,"href":"https:\/\/www.lejournalduforkane.com\/index.php\/wp-json\/wp\/v2\/posts\/21204\/revisions\/21206"}],"wp:attachment":[{"href":"https:\/\/www.lejournalduforkane.com\/index.php\/wp-json\/wp\/v2\/media?parent=21204"}],"wp:term":[{"taxonomy":"category","embeddable":true,"href":"https:\/\/www.lejournalduforkane.com\/index.php\/wp-json\/wp\/v2\/categories?post=21204"},{"taxonomy":"post_tag","embeddable":true,"href":"https:\/\/www.lejournalduforkane.com\/index.php\/wp-json\/wp\/v2\/tags?post=21204"}],"curies":[{"name":"wp","href":"https:\/\/api.w.org\/{rel}","templated":true}]}}