
{"id":21212,"date":"2018-08-20T18:57:26","date_gmt":"2018-08-20T18:57:26","guid":{"rendered":"https:\/\/www.lejournalduforkane.com\/?p=21212"},"modified":"2018-08-20T18:57:26","modified_gmt":"2018-08-20T18:57:26","slug":"pourquoi-cet-enfant-pleure-t-il","status":"publish","type":"post","link":"https:\/\/www.lejournalduforkane.com\/index.php\/pourquoi-cet-enfant-pleure-t-il\/","title":{"rendered":"Pourquoi cet enfant pleure-t-il ?"},"content":{"rendered":"<p><!--more--><\/p>\n<p>Parce que l&rsquo;attaque a\u00e9rienne de la coalition men\u00e9e par l&rsquo;Arabie Saoudite a tu\u00e9 son p\u00e8re aujourd&rsquo;hui avec 12 autres p\u00eacheurs en ciblant leur bateau pr\u00e8s de l&rsquo;\u00eele de Al sawabea.<\/p>\n<p><iframe loading=\"lazy\" width=\"620\" height=\"405\" src=\"\/\/rutube.ru\/play\/embed\/11331355\" frameborder=\"0\" webkitAllowFullScreen mozallowfullscreen allowfullscreen><\/iframe><\/p>\n","protected":false},"excerpt":{"rendered":"Parce que l'attaque a\u00e9rienne de la coalition men\u00e9e par l'Arabie Saoudite a tu\u00e9 son p\u00e8re aujourd'hui avec 12 autres p\u00eacheurs en ciblant leur bateau pr\u00e8s de l'\u00eele de Al sawabea.","protected":false},"author":2,"featured_media":0,"comment_status":"closed","ping_status":"open","sticky":false,"template":"","format":"standard","meta":[],"categories":[49],"tags":[],"_links":{"self":[{"href":"https:\/\/www.lejournalduforkane.com\/index.php\/wp-json\/wp\/v2\/posts\/21212"}],"collection":[{"href":"https:\/\/www.lejournalduforkane.com\/index.php\/wp-json\/wp\/v2\/posts"}],"about":[{"href":"https:\/\/www.lejournalduforkane.com\/index.php\/wp-json\/wp\/v2\/types\/post"}],"author":[{"embeddable":true,"href":"https:\/\/www.lejournalduforkane.com\/index.php\/wp-json\/wp\/v2\/users\/2"}],"replies":[{"embeddable":true,"href":"https:\/\/www.lejournalduforkane.com\/index.php\/wp-json\/wp\/v2\/comments?post=21212"}],"version-history":[{"count":1,"href":"https:\/\/www.lejournalduforkane.com\/index.php\/wp-json\/wp\/v2\/posts\/21212\/revisions"}],"predecessor-version":[{"id":21214,"href":"https:\/\/www.lejournalduforkane.com\/index.php\/wp-json\/wp\/v2\/posts\/21212\/revisions\/21214"}],"wp:attachment":[{"href":"https:\/\/www.lejournalduforkane.com\/index.php\/wp-json\/wp\/v2\/media?parent=21212"}],"wp:term":[{"taxonomy":"category","embeddable":true,"href":"https:\/\/www.lejournalduforkane.com\/index.php\/wp-json\/wp\/v2\/categories?post=21212"},{"taxonomy":"post_tag","embeddable":true,"href":"https:\/\/www.lejournalduforkane.com\/index.php\/wp-json\/wp\/v2\/tags?post=21212"}],"curies":[{"name":"wp","href":"https:\/\/api.w.org\/{rel}","templated":true}]}}