
{"id":21243,"date":"2018-08-26T18:39:35","date_gmt":"2018-08-26T18:39:35","guid":{"rendered":"https:\/\/www.lejournalduforkane.com\/?p=21243"},"modified":"2018-08-26T18:39:35","modified_gmt":"2018-08-26T18:39:35","slug":"la-tristesse-des-refugies-rohingyas-sil-vous-plait-aidez-nous","status":"publish","type":"post","link":"https:\/\/www.lejournalduforkane.com\/index.php\/la-tristesse-des-refugies-rohingyas-sil-vous-plait-aidez-nous\/","title":{"rendered":"La tristesse des r\u00e9fugi\u00e9s Rohingyas&#8230;  S&rsquo;il vous pla\u00eet aidez-nous."},"content":{"rendered":"<p><!--more--><\/p>\n<p>La tristesse des r\u00e9fugi\u00e9s Rohingyas&#8230; S&rsquo;il vous pla\u00eet aidez-nous.<\/p>\n<p><iframe loading=\"lazy\" width=\"620\" height=\"405\" src=\"\/\/rutube.ru\/play\/embed\/11343331\" frameborder=\"0\" webkitAllowFullScreen mozallowfullscreen allowfullscreen><\/iframe><\/p>\n","protected":false},"excerpt":{"rendered":"La tristesse des r\u00e9fugi\u00e9s Rohingyas... S'il vous pla\u00eet aidez-nous.","protected":false},"author":2,"featured_media":0,"comment_status":"closed","ping_status":"open","sticky":false,"template":"","format":"standard","meta":[],"categories":[49],"tags":[],"_links":{"self":[{"href":"https:\/\/www.lejournalduforkane.com\/index.php\/wp-json\/wp\/v2\/posts\/21243"}],"collection":[{"href":"https:\/\/www.lejournalduforkane.com\/index.php\/wp-json\/wp\/v2\/posts"}],"about":[{"href":"https:\/\/www.lejournalduforkane.com\/index.php\/wp-json\/wp\/v2\/types\/post"}],"author":[{"embeddable":true,"href":"https:\/\/www.lejournalduforkane.com\/index.php\/wp-json\/wp\/v2\/users\/2"}],"replies":[{"embeddable":true,"href":"https:\/\/www.lejournalduforkane.com\/index.php\/wp-json\/wp\/v2\/comments?post=21243"}],"version-history":[{"count":1,"href":"https:\/\/www.lejournalduforkane.com\/index.php\/wp-json\/wp\/v2\/posts\/21243\/revisions"}],"predecessor-version":[{"id":21245,"href":"https:\/\/www.lejournalduforkane.com\/index.php\/wp-json\/wp\/v2\/posts\/21243\/revisions\/21245"}],"wp:attachment":[{"href":"https:\/\/www.lejournalduforkane.com\/index.php\/wp-json\/wp\/v2\/media?parent=21243"}],"wp:term":[{"taxonomy":"category","embeddable":true,"href":"https:\/\/www.lejournalduforkane.com\/index.php\/wp-json\/wp\/v2\/categories?post=21243"},{"taxonomy":"post_tag","embeddable":true,"href":"https:\/\/www.lejournalduforkane.com\/index.php\/wp-json\/wp\/v2\/tags?post=21243"}],"curies":[{"name":"wp","href":"https:\/\/api.w.org\/{rel}","templated":true}]}}