
{"id":21252,"date":"2018-08-28T15:50:03","date_gmt":"2018-08-28T15:50:03","guid":{"rendered":"https:\/\/www.lejournalduforkane.com\/?p=21252"},"modified":"2018-08-28T15:50:03","modified_gmt":"2018-08-28T15:50:03","slug":"2-combattants-yemenites-dansarullah-vs-des-mercenaires-de-la-coalition-arabo-us-a-baydha-une-province-du-yemen","status":"publish","type":"post","link":"https:\/\/www.lejournalduforkane.com\/index.php\/2-combattants-yemenites-dansarullah-vs-des-mercenaires-de-la-coalition-arabo-us-a-baydha-une-province-du-yemen\/","title":{"rendered":"2 combattants Y\u00e9m\u00e9nites d&rsquo;Ansarullah Vs Des mercenaires de la coalition Arabo-US \u00e0 Baydha&rsquo; une province du Y\u00e9men"},"content":{"rendered":"<p><!--more--><\/p>\n<p>2 combattants Y\u00e9m\u00e9nites d&rsquo;Ansarullah (un avec une arme, et un avec des pierres)<br \/>\nVs<br \/>\nDes mercenaires de la coalition Arabo-US \u00e0 Baydha&rsquo; une province du Y\u00e9men<\/p>\n<p>Le pouvoir de Dieu, et un autre miracle se produit !<\/p>\n<p><iframe loading=\"lazy\" width=\"620\" height=\"405\" src=\"\/\/rutube.ru\/play\/embed\/11347331\" frameborder=\"0\" webkitAllowFullScreen mozallowfullscreen allowfullscreen><\/iframe><\/p>\n","protected":false},"excerpt":{"rendered":"2 combattants Y\u00e9m\u00e9nites d'Ansarullah (un avec une arme, et un avec des pierres) Vs Des mercenaires de la coalition Arabo-US \u00e0 Baydha' une province du Y\u00e9men Le pouvoir de Dieu,","protected":false},"author":2,"featured_media":0,"comment_status":"closed","ping_status":"open","sticky":false,"template":"","format":"standard","meta":[],"categories":[49],"tags":[],"_links":{"self":[{"href":"https:\/\/www.lejournalduforkane.com\/index.php\/wp-json\/wp\/v2\/posts\/21252"}],"collection":[{"href":"https:\/\/www.lejournalduforkane.com\/index.php\/wp-json\/wp\/v2\/posts"}],"about":[{"href":"https:\/\/www.lejournalduforkane.com\/index.php\/wp-json\/wp\/v2\/types\/post"}],"author":[{"embeddable":true,"href":"https:\/\/www.lejournalduforkane.com\/index.php\/wp-json\/wp\/v2\/users\/2"}],"replies":[{"embeddable":true,"href":"https:\/\/www.lejournalduforkane.com\/index.php\/wp-json\/wp\/v2\/comments?post=21252"}],"version-history":[{"count":1,"href":"https:\/\/www.lejournalduforkane.com\/index.php\/wp-json\/wp\/v2\/posts\/21252\/revisions"}],"predecessor-version":[{"id":21254,"href":"https:\/\/www.lejournalduforkane.com\/index.php\/wp-json\/wp\/v2\/posts\/21252\/revisions\/21254"}],"wp:attachment":[{"href":"https:\/\/www.lejournalduforkane.com\/index.php\/wp-json\/wp\/v2\/media?parent=21252"}],"wp:term":[{"taxonomy":"category","embeddable":true,"href":"https:\/\/www.lejournalduforkane.com\/index.php\/wp-json\/wp\/v2\/categories?post=21252"},{"taxonomy":"post_tag","embeddable":true,"href":"https:\/\/www.lejournalduforkane.com\/index.php\/wp-json\/wp\/v2\/tags?post=21252"}],"curies":[{"name":"wp","href":"https:\/\/api.w.org\/{rel}","templated":true}]}}