
{"id":21258,"date":"2018-08-28T15:58:03","date_gmt":"2018-08-28T15:58:03","guid":{"rendered":"https:\/\/www.lejournalduforkane.com\/?p=21258"},"modified":"2018-08-28T15:58:03","modified_gmt":"2018-08-28T15:58:03","slug":"en-plus-de-la-bombe-us-mk-82-une-bombe-de-500-kg-qui-a-tue-51-ecoliers-au-yemen","status":"publish","type":"post","link":"https:\/\/www.lejournalduforkane.com\/index.php\/en-plus-de-la-bombe-us-mk-82-une-bombe-de-500-kg-qui-a-tue-51-ecoliers-au-yemen\/","title":{"rendered":"En plus de la bombe US MK-82, une bombe de 500 kg qui a tu\u00e9 51 \u00e9coliers au Yemen"},"content":{"rendered":"<p><!--more--><\/p>\n<p>En plus de la bombe US MK-82, une bombe de 500 kg qui a tu\u00e9 51 \u00e9coliers au Yemen<\/p>\n<p>Quels autres bombes l&rsquo;Am\u00e9rique envoie aux enfants y\u00e9m\u00e9nites ?<\/p>\n<p>Voici une bombe US qui a \u00e9t\u00e9 livr\u00e9e \u00e0 la maudite Arabie pour bombarder les terrains scolaires et les h\u00f4pitaux du Y\u00e9men.<\/p>\n<p><iframe loading=\"lazy\" width=\"620\" height=\"405\" src=\"\/\/rutube.ru\/play\/embed\/11347352\" frameborder=\"0\" webkitAllowFullScreen mozallowfullscreen allowfullscreen><\/iframe><\/p>\n","protected":false},"excerpt":{"rendered":"En plus de la bombe US MK-82, une bombe de 500 kg qui a tu\u00e9 51 \u00e9coliers au Yemen Quels autres bombes l'Am\u00e9rique envoie aux enfants y\u00e9m\u00e9nites ? Voici une","protected":false},"author":2,"featured_media":0,"comment_status":"closed","ping_status":"open","sticky":false,"template":"","format":"standard","meta":[],"categories":[49],"tags":[],"_links":{"self":[{"href":"https:\/\/www.lejournalduforkane.com\/index.php\/wp-json\/wp\/v2\/posts\/21258"}],"collection":[{"href":"https:\/\/www.lejournalduforkane.com\/index.php\/wp-json\/wp\/v2\/posts"}],"about":[{"href":"https:\/\/www.lejournalduforkane.com\/index.php\/wp-json\/wp\/v2\/types\/post"}],"author":[{"embeddable":true,"href":"https:\/\/www.lejournalduforkane.com\/index.php\/wp-json\/wp\/v2\/users\/2"}],"replies":[{"embeddable":true,"href":"https:\/\/www.lejournalduforkane.com\/index.php\/wp-json\/wp\/v2\/comments?post=21258"}],"version-history":[{"count":1,"href":"https:\/\/www.lejournalduforkane.com\/index.php\/wp-json\/wp\/v2\/posts\/21258\/revisions"}],"predecessor-version":[{"id":21260,"href":"https:\/\/www.lejournalduforkane.com\/index.php\/wp-json\/wp\/v2\/posts\/21258\/revisions\/21260"}],"wp:attachment":[{"href":"https:\/\/www.lejournalduforkane.com\/index.php\/wp-json\/wp\/v2\/media?parent=21258"}],"wp:term":[{"taxonomy":"category","embeddable":true,"href":"https:\/\/www.lejournalduforkane.com\/index.php\/wp-json\/wp\/v2\/categories?post=21258"},{"taxonomy":"post_tag","embeddable":true,"href":"https:\/\/www.lejournalduforkane.com\/index.php\/wp-json\/wp\/v2\/tags?post=21258"}],"curies":[{"name":"wp","href":"https:\/\/api.w.org\/{rel}","templated":true}]}}