
{"id":21261,"date":"2018-08-28T16:02:16","date_gmt":"2018-08-28T16:02:16","guid":{"rendered":"https:\/\/www.lejournalduforkane.com\/?p=21261"},"modified":"2018-08-29T10:43:45","modified_gmt":"2018-08-29T10:43:45","slug":"nous-devons-arreter-cette-guerre","status":"publish","type":"post","link":"https:\/\/www.lejournalduforkane.com\/index.php\/nous-devons-arreter-cette-guerre\/","title":{"rendered":"\u00ab\u00a0NOUS DEVONS ARR\u00caTER CETTE GUERRE\u00a0\u00bb"},"content":{"rendered":"<p><!--more--><\/p>\n<p>\u00ab\u00a0NOUS DEVONS ARR\u00caTER CETTE GUERRE\u00a0\u00bb<\/p>\n<p>Am\u00e9ricains, Britanniques &#038; Fran\u00e7ais, s&rsquo;il vous pla\u00eet regarder &#038; aider \u00e0 mettre fin \u00e0 la complicit\u00e9 de votre gouvernement &#038; l&rsquo;implication directe dans le g\u00e9nocide saoudien au Y\u00e9men<\/p>\n<p><iframe loading=\"lazy\" width=\"620\" height=\"405\" src=\"\/\/rutube.ru\/play\/embed\/11347360\" frameborder=\"0\" webkitAllowFullScreen mozallowfullscreen allowfullscreen><\/iframe><\/p>\n","protected":false},"excerpt":{"rendered":"\"NOUS DEVONS ARR\u00caTER CETTE GUERRE\" Am\u00e9ricains, Britanniques & Fran\u00e7ais, s'il vous pla\u00eet regarder & aider \u00e0 mettre fin \u00e0 la complicit\u00e9 de votre gouvernement & l'implication directe dans le g\u00e9nocide","protected":false},"author":2,"featured_media":21262,"comment_status":"closed","ping_status":"open","sticky":false,"template":"","format":"standard","meta":[],"categories":[49],"tags":[],"_links":{"self":[{"href":"https:\/\/www.lejournalduforkane.com\/index.php\/wp-json\/wp\/v2\/posts\/21261"}],"collection":[{"href":"https:\/\/www.lejournalduforkane.com\/index.php\/wp-json\/wp\/v2\/posts"}],"about":[{"href":"https:\/\/www.lejournalduforkane.com\/index.php\/wp-json\/wp\/v2\/types\/post"}],"author":[{"embeddable":true,"href":"https:\/\/www.lejournalduforkane.com\/index.php\/wp-json\/wp\/v2\/users\/2"}],"replies":[{"embeddable":true,"href":"https:\/\/www.lejournalduforkane.com\/index.php\/wp-json\/wp\/v2\/comments?post=21261"}],"version-history":[{"count":1,"href":"https:\/\/www.lejournalduforkane.com\/index.php\/wp-json\/wp\/v2\/posts\/21261\/revisions"}],"predecessor-version":[{"id":21263,"href":"https:\/\/www.lejournalduforkane.com\/index.php\/wp-json\/wp\/v2\/posts\/21261\/revisions\/21263"}],"wp:featuredmedia":[{"embeddable":true,"href":"https:\/\/www.lejournalduforkane.com\/index.php\/wp-json\/wp\/v2\/media\/21262"}],"wp:attachment":[{"href":"https:\/\/www.lejournalduforkane.com\/index.php\/wp-json\/wp\/v2\/media?parent=21261"}],"wp:term":[{"taxonomy":"category","embeddable":true,"href":"https:\/\/www.lejournalduforkane.com\/index.php\/wp-json\/wp\/v2\/categories?post=21261"},{"taxonomy":"post_tag","embeddable":true,"href":"https:\/\/www.lejournalduforkane.com\/index.php\/wp-json\/wp\/v2\/tags?post=21261"}],"curies":[{"name":"wp","href":"https:\/\/api.w.org\/{rel}","templated":true}]}}