
{"id":21277,"date":"2018-08-29T15:06:19","date_gmt":"2018-08-29T15:06:19","guid":{"rendered":"https:\/\/www.lejournalduforkane.com\/?p=21277"},"modified":"2018-08-29T15:06:19","modified_gmt":"2018-08-29T15:06:19","slug":"un-citoyen-espagnol-en-solidarite-avec-le-peuple-palestinien-partagez-et-laissez-le-monde-connaitre-cet-homme","status":"publish","type":"post","link":"https:\/\/www.lejournalduforkane.com\/index.php\/un-citoyen-espagnol-en-solidarite-avec-le-peuple-palestinien-partagez-et-laissez-le-monde-connaitre-cet-homme\/","title":{"rendered":"Un citoyen espagnol en solidarit\u00e9 avec le peuple palestinien: PARTAGEZ ET LAISSEZ LE MONDE CONNAITRE CET HOMME"},"content":{"rendered":"<p><!--more--><\/p>\n<p>PARTAGEZ ET LAISSEZ LE MONDE CONNAITRE CET HOMME<\/p>\n<p>Un citoyen espagnol en solidarit\u00e9 avec le peuple palestinien, a les deux bras pleins de tatouage en arabe pour la Palestine, la R\u00e9sistance palestinienne, la carte de la Palestine et le soul\u00e8vement palestinien,<\/p>\n<p><iframe loading=\"lazy\" width=\"620\" height=\"405\" src=\"\/\/rutube.ru\/play\/embed\/11349439\" frameborder=\"0\" webkitAllowFullScreen mozallowfullscreen allowfullscreen><\/iframe><\/p>\n","protected":false},"excerpt":{"rendered":"PARTAGEZ ET LAISSEZ LE MONDE CONNAITRE CET HOMME Un citoyen espagnol en solidarit\u00e9 avec le peuple palestinien, a les deux bras pleins de tatouage en arabe pour la Palestine, la","protected":false},"author":2,"featured_media":0,"comment_status":"closed","ping_status":"open","sticky":false,"template":"","format":"standard","meta":[],"categories":[49],"tags":[],"_links":{"self":[{"href":"https:\/\/www.lejournalduforkane.com\/index.php\/wp-json\/wp\/v2\/posts\/21277"}],"collection":[{"href":"https:\/\/www.lejournalduforkane.com\/index.php\/wp-json\/wp\/v2\/posts"}],"about":[{"href":"https:\/\/www.lejournalduforkane.com\/index.php\/wp-json\/wp\/v2\/types\/post"}],"author":[{"embeddable":true,"href":"https:\/\/www.lejournalduforkane.com\/index.php\/wp-json\/wp\/v2\/users\/2"}],"replies":[{"embeddable":true,"href":"https:\/\/www.lejournalduforkane.com\/index.php\/wp-json\/wp\/v2\/comments?post=21277"}],"version-history":[{"count":1,"href":"https:\/\/www.lejournalduforkane.com\/index.php\/wp-json\/wp\/v2\/posts\/21277\/revisions"}],"predecessor-version":[{"id":21279,"href":"https:\/\/www.lejournalduforkane.com\/index.php\/wp-json\/wp\/v2\/posts\/21277\/revisions\/21279"}],"wp:attachment":[{"href":"https:\/\/www.lejournalduforkane.com\/index.php\/wp-json\/wp\/v2\/media?parent=21277"}],"wp:term":[{"taxonomy":"category","embeddable":true,"href":"https:\/\/www.lejournalduforkane.com\/index.php\/wp-json\/wp\/v2\/categories?post=21277"},{"taxonomy":"post_tag","embeddable":true,"href":"https:\/\/www.lejournalduforkane.com\/index.php\/wp-json\/wp\/v2\/tags?post=21277"}],"curies":[{"name":"wp","href":"https:\/\/api.w.org\/{rel}","templated":true}]}}