
{"id":21284,"date":"2018-08-31T14:56:34","date_gmt":"2018-08-31T14:56:34","guid":{"rendered":"https:\/\/www.lejournalduforkane.com\/?p=21284"},"modified":"2018-09-02T14:57:24","modified_gmt":"2018-09-02T14:57:24","slug":"larmee-arabe-syrienne-eradique-les-restes-de-daesh-dans-le-desert-de-suweida","status":"publish","type":"post","link":"https:\/\/www.lejournalduforkane.com\/index.php\/larmee-arabe-syrienne-eradique-les-restes-de-daesh-dans-le-desert-de-suweida\/","title":{"rendered":"L&rsquo;Arm\u00e9e Arabe Syrienne \u00e9radique les restes de Daesh dans le d\u00e9sert de Suweida"},"content":{"rendered":"<p><!--more--><\/p>\n<div id=\"js_2m\" class=\"_5pbx userContent _3576\" data-ft=\"{&quot;tn&quot;:&quot;K&quot;}\">\n<p>L&rsquo;Arm\u00e9e Arabe Syrienne \u00e9radique les restes de Daesh dans le d\u00e9sert de Suweida et prend le contr\u00f4le sur le barrage de Khatti hatil, Hawiat Awad, Wadi Halawat, Ghadir sus, Tal Dars, Khirbat Awad.<\/p>\n<\/div>\n<p><iframe loading=\"lazy\" width=\"620\" height=\"405\" src=\"\/\/rutube.ru\/play\/embed\/11356646\" frameborder=\"0\" webkitAllowFullScreen mozallowfullscreen allowfullscreen><\/iframe><\/p>\n","protected":false},"excerpt":{"rendered":"L'Arm\u00e9e Arabe Syrienne \u00e9radique les restes de Daesh dans le d\u00e9sert de Suweida et prend le contr\u00f4le sur le barrage de Khatti hatil, Hawiat Awad, Wadi Halawat, Ghadir sus, Tal","protected":false},"author":2,"featured_media":0,"comment_status":"closed","ping_status":"open","sticky":false,"template":"","format":"standard","meta":[],"categories":[49],"tags":[],"_links":{"self":[{"href":"https:\/\/www.lejournalduforkane.com\/index.php\/wp-json\/wp\/v2\/posts\/21284"}],"collection":[{"href":"https:\/\/www.lejournalduforkane.com\/index.php\/wp-json\/wp\/v2\/posts"}],"about":[{"href":"https:\/\/www.lejournalduforkane.com\/index.php\/wp-json\/wp\/v2\/types\/post"}],"author":[{"embeddable":true,"href":"https:\/\/www.lejournalduforkane.com\/index.php\/wp-json\/wp\/v2\/users\/2"}],"replies":[{"embeddable":true,"href":"https:\/\/www.lejournalduforkane.com\/index.php\/wp-json\/wp\/v2\/comments?post=21284"}],"version-history":[{"count":1,"href":"https:\/\/www.lejournalduforkane.com\/index.php\/wp-json\/wp\/v2\/posts\/21284\/revisions"}],"predecessor-version":[{"id":21286,"href":"https:\/\/www.lejournalduforkane.com\/index.php\/wp-json\/wp\/v2\/posts\/21284\/revisions\/21286"}],"wp:attachment":[{"href":"https:\/\/www.lejournalduforkane.com\/index.php\/wp-json\/wp\/v2\/media?parent=21284"}],"wp:term":[{"taxonomy":"category","embeddable":true,"href":"https:\/\/www.lejournalduforkane.com\/index.php\/wp-json\/wp\/v2\/categories?post=21284"},{"taxonomy":"post_tag","embeddable":true,"href":"https:\/\/www.lejournalduforkane.com\/index.php\/wp-json\/wp\/v2\/tags?post=21284"}],"curies":[{"name":"wp","href":"https:\/\/api.w.org\/{rel}","templated":true}]}}