
{"id":21288,"date":"2018-08-31T14:57:28","date_gmt":"2018-08-31T14:57:28","guid":{"rendered":"https:\/\/www.lejournalduforkane.com\/?p=21288"},"modified":"2018-09-02T15:01:49","modified_gmt":"2018-09-02T15:01:49","slug":"hassan-nasrallah-laccord-du-siecle-de-trump-ben-salmane-et-netanyahou-a-echoue","status":"publish","type":"post","link":"https:\/\/www.lejournalduforkane.com\/index.php\/hassan-nasrallah-laccord-du-siecle-de-trump-ben-salmane-et-netanyahou-a-echoue\/","title":{"rendered":"HASSAN NASRALLAH : \u00ab L&rsquo;ACCORD DU SIECLE \u00bb DE TRUMP, BEN SALMANE ET NETANYAHOU A ECHOUE"},"content":{"rendered":"<p><!--more--><br \/>\n31<br \/>\nHASSAN NASRALLAH : \u00ab L&rsquo;ACCORD DU SIECLE \u00bb DE TRUMP, BEN SALMANE ET NETANYAHOU A ECHOUE<\/p>\n<p>? PARTAGEZ &#038; ABONNEZ-VOUS ! ?<\/p>\n<p>Discours du Secr\u00e9taire G\u00e9n\u00e9ral du Hezbollah, Sayed Hassan Nasrallah, le 14 ao\u00fbt 2018, \u00e0 l&rsquo;occasion de la c\u00e9l\u00e9bration du douzi\u00e8me anniversaire de la victoire de 2006 (VOSTFR \/ sous-titres fran\u00e7ais).\u2026<\/p>\n<p><iframe loading=\"lazy\" width=\"620\" height=\"405\" src=\"\/\/rutube.ru\/play\/embed\/11356652\" frameborder=\"0\" webkitAllowFullScreen mozallowfullscreen allowfullscreen><\/iframe><\/p>\n","protected":false},"excerpt":{"rendered":"31 HASSAN NASRALLAH : \u00ab L'ACCORD DU SIECLE \u00bb DE TRUMP, BEN SALMANE ET NETANYAHOU A ECHOUE ? PARTAGEZ & ABONNEZ-VOUS ! ? Discours du Secr\u00e9taire G\u00e9n\u00e9ral du Hezbollah, Sayed","protected":false},"author":2,"featured_media":0,"comment_status":"closed","ping_status":"open","sticky":false,"template":"","format":"standard","meta":[],"categories":[49],"tags":[],"_links":{"self":[{"href":"https:\/\/www.lejournalduforkane.com\/index.php\/wp-json\/wp\/v2\/posts\/21288"}],"collection":[{"href":"https:\/\/www.lejournalduforkane.com\/index.php\/wp-json\/wp\/v2\/posts"}],"about":[{"href":"https:\/\/www.lejournalduforkane.com\/index.php\/wp-json\/wp\/v2\/types\/post"}],"author":[{"embeddable":true,"href":"https:\/\/www.lejournalduforkane.com\/index.php\/wp-json\/wp\/v2\/users\/2"}],"replies":[{"embeddable":true,"href":"https:\/\/www.lejournalduforkane.com\/index.php\/wp-json\/wp\/v2\/comments?post=21288"}],"version-history":[{"count":2,"href":"https:\/\/www.lejournalduforkane.com\/index.php\/wp-json\/wp\/v2\/posts\/21288\/revisions"}],"predecessor-version":[{"id":21449,"href":"https:\/\/www.lejournalduforkane.com\/index.php\/wp-json\/wp\/v2\/posts\/21288\/revisions\/21449"}],"wp:attachment":[{"href":"https:\/\/www.lejournalduforkane.com\/index.php\/wp-json\/wp\/v2\/media?parent=21288"}],"wp:term":[{"taxonomy":"category","embeddable":true,"href":"https:\/\/www.lejournalduforkane.com\/index.php\/wp-json\/wp\/v2\/categories?post=21288"},{"taxonomy":"post_tag","embeddable":true,"href":"https:\/\/www.lejournalduforkane.com\/index.php\/wp-json\/wp\/v2\/tags?post=21288"}],"curies":[{"name":"wp","href":"https:\/\/api.w.org\/{rel}","templated":true}]}}