
{"id":21298,"date":"2018-09-02T15:31:41","date_gmt":"2018-09-02T15:31:41","guid":{"rendered":"https:\/\/www.lejournalduforkane.com\/?p=21298"},"modified":"2018-09-02T15:31:41","modified_gmt":"2018-09-02T15:31:41","slug":"pourquoi-les-etats-unis-leur-fournissent-ils-ces-bombes-illegales","status":"publish","type":"post","link":"https:\/\/www.lejournalduforkane.com\/index.php\/pourquoi-les-etats-unis-leur-fournissent-ils-ces-bombes-illegales\/","title":{"rendered":"Pourquoi les Etats-Unis leur fournissent-ils ces bombes ill\u00e9gales ?"},"content":{"rendered":"<p><!--more--><\/p>\n<p>Pourquoi les Etats-Unis leur fournissent-ils ces bombes ill\u00e9gales ?<\/p>\n<p>Le bombardement sur le peuple y\u00e9m\u00e9nite se fait avec l&rsquo;intelligence am\u00e9ricaine, le ravitaillement et m\u00eame les bombardements directs.<\/p>\n<p><iframe loading=\"lazy\" width=\"620\" height=\"405\" src=\"\/\/rutube.ru\/play\/embed\/11356711\" frameborder=\"0\" webkitAllowFullScreen mozallowfullscreen allowfullscreen><\/iframe><\/p>\n","protected":false},"excerpt":{"rendered":"Pourquoi les Etats-Unis leur fournissent-ils ces bombes ill\u00e9gales ? Le bombardement sur le peuple y\u00e9m\u00e9nite se fait avec l'intelligence am\u00e9ricaine, le ravitaillement et m\u00eame les bombardements directs.","protected":false},"author":2,"featured_media":0,"comment_status":"closed","ping_status":"open","sticky":false,"template":"","format":"standard","meta":[],"categories":[49],"tags":[],"_links":{"self":[{"href":"https:\/\/www.lejournalduforkane.com\/index.php\/wp-json\/wp\/v2\/posts\/21298"}],"collection":[{"href":"https:\/\/www.lejournalduforkane.com\/index.php\/wp-json\/wp\/v2\/posts"}],"about":[{"href":"https:\/\/www.lejournalduforkane.com\/index.php\/wp-json\/wp\/v2\/types\/post"}],"author":[{"embeddable":true,"href":"https:\/\/www.lejournalduforkane.com\/index.php\/wp-json\/wp\/v2\/users\/2"}],"replies":[{"embeddable":true,"href":"https:\/\/www.lejournalduforkane.com\/index.php\/wp-json\/wp\/v2\/comments?post=21298"}],"version-history":[{"count":1,"href":"https:\/\/www.lejournalduforkane.com\/index.php\/wp-json\/wp\/v2\/posts\/21298\/revisions"}],"predecessor-version":[{"id":21300,"href":"https:\/\/www.lejournalduforkane.com\/index.php\/wp-json\/wp\/v2\/posts\/21298\/revisions\/21300"}],"wp:attachment":[{"href":"https:\/\/www.lejournalduforkane.com\/index.php\/wp-json\/wp\/v2\/media?parent=21298"}],"wp:term":[{"taxonomy":"category","embeddable":true,"href":"https:\/\/www.lejournalduforkane.com\/index.php\/wp-json\/wp\/v2\/categories?post=21298"},{"taxonomy":"post_tag","embeddable":true,"href":"https:\/\/www.lejournalduforkane.com\/index.php\/wp-json\/wp\/v2\/tags?post=21298"}],"curies":[{"name":"wp","href":"https:\/\/api.w.org\/{rel}","templated":true}]}}