
{"id":21312,"date":"2018-09-05T18:45:20","date_gmt":"2018-09-05T18:45:20","guid":{"rendered":"https:\/\/www.lejournalduforkane.com\/?p=21312"},"modified":"2018-09-05T18:46:32","modified_gmt":"2018-09-05T18:46:32","slug":"les-forces-doccupation-israeliennes-attaquent-violemment-les-palestiniens-qui-tentent-dempecher-les-bulldozers-israeliens-de-demolir-leurs-maisons-pres-de-bethleem","status":"publish","type":"post","link":"https:\/\/www.lejournalduforkane.com\/index.php\/les-forces-doccupation-israeliennes-attaquent-violemment-les-palestiniens-qui-tentent-dempecher-les-bulldozers-israeliens-de-demolir-leurs-maisons-pres-de-bethleem\/","title":{"rendered":"Les forces d&rsquo;occupation isra\u00e9liennes attaquent violemment les palestiniens qui tentent d&#8217;emp\u00eacher les bulldozers isra\u00e9liens de d\u00e9molir leurs maisons pr\u00e8s de Bethl\u00e9em !"},"content":{"rendered":"<p><!--more--><\/p>\n<p><iframe loading=\"lazy\" width=\"620\" height=\"405\" src=\"\/\/rutube.ru\/play\/embed\/11363033\" frameborder=\"0\" webkitAllowFullScreen mozallowfullscreen allowfullscreen><\/iframe><\/p>\n","protected":false},"excerpt":{"rendered":"","protected":false},"author":2,"featured_media":0,"comment_status":"closed","ping_status":"open","sticky":false,"template":"","format":"standard","meta":[],"categories":[49],"tags":[],"_links":{"self":[{"href":"https:\/\/www.lejournalduforkane.com\/index.php\/wp-json\/wp\/v2\/posts\/21312"}],"collection":[{"href":"https:\/\/www.lejournalduforkane.com\/index.php\/wp-json\/wp\/v2\/posts"}],"about":[{"href":"https:\/\/www.lejournalduforkane.com\/index.php\/wp-json\/wp\/v2\/types\/post"}],"author":[{"embeddable":true,"href":"https:\/\/www.lejournalduforkane.com\/index.php\/wp-json\/wp\/v2\/users\/2"}],"replies":[{"embeddable":true,"href":"https:\/\/www.lejournalduforkane.com\/index.php\/wp-json\/wp\/v2\/comments?post=21312"}],"version-history":[{"count":3,"href":"https:\/\/www.lejournalduforkane.com\/index.php\/wp-json\/wp\/v2\/posts\/21312\/revisions"}],"predecessor-version":[{"id":21316,"href":"https:\/\/www.lejournalduforkane.com\/index.php\/wp-json\/wp\/v2\/posts\/21312\/revisions\/21316"}],"wp:attachment":[{"href":"https:\/\/www.lejournalduforkane.com\/index.php\/wp-json\/wp\/v2\/media?parent=21312"}],"wp:term":[{"taxonomy":"category","embeddable":true,"href":"https:\/\/www.lejournalduforkane.com\/index.php\/wp-json\/wp\/v2\/categories?post=21312"},{"taxonomy":"post_tag","embeddable":true,"href":"https:\/\/www.lejournalduforkane.com\/index.php\/wp-json\/wp\/v2\/tags?post=21312"}],"curies":[{"name":"wp","href":"https:\/\/api.w.org\/{rel}","templated":true}]}}