
{"id":21334,"date":"2018-09-09T18:38:07","date_gmt":"2018-09-09T18:38:07","guid":{"rendered":"https:\/\/www.lejournalduforkane.com\/?p=21334"},"modified":"2018-09-09T18:38:07","modified_gmt":"2018-09-09T18:38:07","slug":"les-palestiniens-defient-les-colons-israeliens-qui-ont-tente-de-piller-le-village-de-khan-al-ahmar-a-lest-de-jerusalem-qui-doit-etre-demoli-par-les-autorites-doccupation-israeliennes","status":"publish","type":"post","link":"https:\/\/www.lejournalduforkane.com\/index.php\/les-palestiniens-defient-les-colons-israeliens-qui-ont-tente-de-piller-le-village-de-khan-al-ahmar-a-lest-de-jerusalem-qui-doit-etre-demoli-par-les-autorites-doccupation-israeliennes\/","title":{"rendered":"Les Palestiniens d\u00e9fient les colons isra\u00e9liens qui ont tent\u00e9 de piller le village de Khan Al-Ahmar, \u00e0 l&rsquo;est de J\u00e9rusalem, qui doit \u00eatre d\u00e9moli par les autorit\u00e9s d&rsquo;occupation isra\u00e9liennes."},"content":{"rendered":"<p><!--more--><\/p>\n<p>Les Palestiniens d\u00e9fient les colons isra\u00e9liens qui ont tent\u00e9 de piller le village de Khan Al-Ahmar, \u00e0 l&rsquo;est de J\u00e9rusalem, qui doit \u00eatre d\u00e9moli par les autorit\u00e9s d&rsquo;occupation isra\u00e9liennes.<\/p>\n<p>7 septembre 2018<\/p>\n<p><iframe loading=\"lazy\" width=\"620\" height=\"405\" src=\"\/\/rutube.ru\/play\/embed\/11370005\" frameborder=\"0\" webkitAllowFullScreen mozallowfullscreen allowfullscreen><\/iframe><\/p>\n","protected":false},"excerpt":{"rendered":"Les Palestiniens d\u00e9fient les colons isra\u00e9liens qui ont tent\u00e9 de piller le village de Khan Al-Ahmar, \u00e0 l'est de J\u00e9rusalem, qui doit \u00eatre d\u00e9moli par les autorit\u00e9s d'occupation isra\u00e9liennes. 7","protected":false},"author":2,"featured_media":0,"comment_status":"closed","ping_status":"open","sticky":false,"template":"","format":"standard","meta":[],"categories":[49],"tags":[],"_links":{"self":[{"href":"https:\/\/www.lejournalduforkane.com\/index.php\/wp-json\/wp\/v2\/posts\/21334"}],"collection":[{"href":"https:\/\/www.lejournalduforkane.com\/index.php\/wp-json\/wp\/v2\/posts"}],"about":[{"href":"https:\/\/www.lejournalduforkane.com\/index.php\/wp-json\/wp\/v2\/types\/post"}],"author":[{"embeddable":true,"href":"https:\/\/www.lejournalduforkane.com\/index.php\/wp-json\/wp\/v2\/users\/2"}],"replies":[{"embeddable":true,"href":"https:\/\/www.lejournalduforkane.com\/index.php\/wp-json\/wp\/v2\/comments?post=21334"}],"version-history":[{"count":1,"href":"https:\/\/www.lejournalduforkane.com\/index.php\/wp-json\/wp\/v2\/posts\/21334\/revisions"}],"predecessor-version":[{"id":21336,"href":"https:\/\/www.lejournalduforkane.com\/index.php\/wp-json\/wp\/v2\/posts\/21334\/revisions\/21336"}],"wp:attachment":[{"href":"https:\/\/www.lejournalduforkane.com\/index.php\/wp-json\/wp\/v2\/media?parent=21334"}],"wp:term":[{"taxonomy":"category","embeddable":true,"href":"https:\/\/www.lejournalduforkane.com\/index.php\/wp-json\/wp\/v2\/categories?post=21334"},{"taxonomy":"post_tag","embeddable":true,"href":"https:\/\/www.lejournalduforkane.com\/index.php\/wp-json\/wp\/v2\/tags?post=21334"}],"curies":[{"name":"wp","href":"https:\/\/api.w.org\/{rel}","templated":true}]}}