
{"id":21337,"date":"2018-09-09T18:50:21","date_gmt":"2018-09-09T18:50:21","guid":{"rendered":"https:\/\/www.lejournalduforkane.com\/?p=21337"},"modified":"2018-09-09T18:50:21","modified_gmt":"2018-09-09T18:50:21","slug":"des-milliers-de-yemenites-ont-organise-un-rassemblement-de-masse-a-sanaa-pour-denoncer-la-guerre-de-larabie-saoudite-sur-leur-pays","status":"publish","type":"post","link":"https:\/\/www.lejournalduforkane.com\/index.php\/des-milliers-de-yemenites-ont-organise-un-rassemblement-de-masse-a-sanaa-pour-denoncer-la-guerre-de-larabie-saoudite-sur-leur-pays\/","title":{"rendered":"Des milliers de y\u00e9m\u00e9nites ont organis\u00e9 un rassemblement de masse \u00e0 Sana&rsquo;a pour d\u00e9noncer la guerre de l&rsquo;Arabie Saoudite sur leur pays."},"content":{"rendered":"<p><!--more--><\/p>\n<p>Des milliers de y\u00e9m\u00e9nites ont organis\u00e9 un rassemblement de masse \u00e0 Sana&rsquo;a pour d\u00e9noncer la guerre de l&rsquo;Arabie Saoudite sur leur pays.<\/p>\n<p>ON NE PEUT QU\u2019\u00caTRE ADMIRATIF DEVANT CE PEUPLE COURAGEUX QUI BRAVE LES BOMBARDEMENTS DE LA COALITION ARABO-US.<br \/>\nC\u2019EST L\u00c0 QUE L\u2019ON COMPREND POURQUOI LE Y\u00c9MEN EST B\u00c9NI PAR LE GRAND PROPH\u00c8TE (P), ET POURQUOI IL A MAUDIT LES SAOUDS ET LES CHIENS DE L\u2019ENFER SALAFISTE.<\/p>\n<p><iframe loading=\"lazy\" width=\"620\" height=\"405\" src=\"\/\/rutube.ru\/play\/embed\/11370017\" frameborder=\"0\" webkitAllowFullScreen mozallowfullscreen allowfullscreen><\/iframe><\/p>\n","protected":false},"excerpt":{"rendered":"Des milliers de y\u00e9m\u00e9nites ont organis\u00e9 un rassemblement de masse \u00e0 Sana'a pour d\u00e9noncer la guerre de l'Arabie Saoudite sur leur pays. ON NE PEUT QU\u2019\u00caTRE ADMIRATIF DEVANT CE PEUPLE","protected":false},"author":2,"featured_media":0,"comment_status":"closed","ping_status":"open","sticky":false,"template":"","format":"standard","meta":[],"categories":[49],"tags":[],"_links":{"self":[{"href":"https:\/\/www.lejournalduforkane.com\/index.php\/wp-json\/wp\/v2\/posts\/21337"}],"collection":[{"href":"https:\/\/www.lejournalduforkane.com\/index.php\/wp-json\/wp\/v2\/posts"}],"about":[{"href":"https:\/\/www.lejournalduforkane.com\/index.php\/wp-json\/wp\/v2\/types\/post"}],"author":[{"embeddable":true,"href":"https:\/\/www.lejournalduforkane.com\/index.php\/wp-json\/wp\/v2\/users\/2"}],"replies":[{"embeddable":true,"href":"https:\/\/www.lejournalduforkane.com\/index.php\/wp-json\/wp\/v2\/comments?post=21337"}],"version-history":[{"count":1,"href":"https:\/\/www.lejournalduforkane.com\/index.php\/wp-json\/wp\/v2\/posts\/21337\/revisions"}],"predecessor-version":[{"id":21339,"href":"https:\/\/www.lejournalduforkane.com\/index.php\/wp-json\/wp\/v2\/posts\/21337\/revisions\/21339"}],"wp:attachment":[{"href":"https:\/\/www.lejournalduforkane.com\/index.php\/wp-json\/wp\/v2\/media?parent=21337"}],"wp:term":[{"taxonomy":"category","embeddable":true,"href":"https:\/\/www.lejournalduforkane.com\/index.php\/wp-json\/wp\/v2\/categories?post=21337"},{"taxonomy":"post_tag","embeddable":true,"href":"https:\/\/www.lejournalduforkane.com\/index.php\/wp-json\/wp\/v2\/tags?post=21337"}],"curies":[{"name":"wp","href":"https:\/\/api.w.org\/{rel}","templated":true}]}}