
{"id":21341,"date":"2018-09-10T06:45:28","date_gmt":"2018-09-10T06:45:28","guid":{"rendered":"https:\/\/www.lejournalduforkane.com\/?p=21341"},"modified":"2018-09-12T07:05:28","modified_gmt":"2018-09-12T07:05:28","slug":"laviation-syrienne-a-cible-aujourdhui-de-nombreuses-positions-des-terroristes-salafistes-avec-des-frappes-aeriennes-precises","status":"publish","type":"post","link":"https:\/\/www.lejournalduforkane.com\/index.php\/laviation-syrienne-a-cible-aujourdhui-de-nombreuses-positions-des-terroristes-salafistes-avec-des-frappes-aeriennes-precises\/","title":{"rendered":"L&rsquo;Aviation Syrienne a cibl\u00e9 aujourd&rsquo;hui de nombreuses positions des terroristes salafistes avec des frappes a\u00e9riennes pr\u00e9cises"},"content":{"rendered":"<p><!--more--><\/p>\n<p>L&rsquo;Aviation Syrienne a cibl\u00e9 aujourd&rsquo;hui de nombreuses positions des terroristes salafistes avec des frappes a\u00e9riennes pr\u00e9cises sur leurs positions et leurs fortifications sur la campagne nord de Hama, et sp\u00e9cialement \u00e0 Latminah, Kafrzita &#038; Buwaydah<\/p>\n<p><iframe loading=\"lazy\" width=\"620\" height=\"405\" src=\"\/\/rutube.ru\/play\/embed\/11375283\" frameborder=\"0\" webkitAllowFullScreen mozallowfullscreen allowfullscreen><\/iframe><\/p>\n","protected":false},"excerpt":{"rendered":"L'Aviation Syrienne a cibl\u00e9 aujourd'hui de nombreuses positions des terroristes salafistes avec des frappes a\u00e9riennes pr\u00e9cises sur leurs positions et leurs fortifications sur la campagne nord de Hama, et sp\u00e9cialement","protected":false},"author":2,"featured_media":0,"comment_status":"closed","ping_status":"open","sticky":false,"template":"","format":"standard","meta":[],"categories":[49],"tags":[],"_links":{"self":[{"href":"https:\/\/www.lejournalduforkane.com\/index.php\/wp-json\/wp\/v2\/posts\/21341"}],"collection":[{"href":"https:\/\/www.lejournalduforkane.com\/index.php\/wp-json\/wp\/v2\/posts"}],"about":[{"href":"https:\/\/www.lejournalduforkane.com\/index.php\/wp-json\/wp\/v2\/types\/post"}],"author":[{"embeddable":true,"href":"https:\/\/www.lejournalduforkane.com\/index.php\/wp-json\/wp\/v2\/users\/2"}],"replies":[{"embeddable":true,"href":"https:\/\/www.lejournalduforkane.com\/index.php\/wp-json\/wp\/v2\/comments?post=21341"}],"version-history":[{"count":1,"href":"https:\/\/www.lejournalduforkane.com\/index.php\/wp-json\/wp\/v2\/posts\/21341\/revisions"}],"predecessor-version":[{"id":21343,"href":"https:\/\/www.lejournalduforkane.com\/index.php\/wp-json\/wp\/v2\/posts\/21341\/revisions\/21343"}],"wp:attachment":[{"href":"https:\/\/www.lejournalduforkane.com\/index.php\/wp-json\/wp\/v2\/media?parent=21341"}],"wp:term":[{"taxonomy":"category","embeddable":true,"href":"https:\/\/www.lejournalduforkane.com\/index.php\/wp-json\/wp\/v2\/categories?post=21341"},{"taxonomy":"post_tag","embeddable":true,"href":"https:\/\/www.lejournalduforkane.com\/index.php\/wp-json\/wp\/v2\/tags?post=21341"}],"curies":[{"name":"wp","href":"https:\/\/api.w.org\/{rel}","templated":true}]}}