
{"id":21350,"date":"2018-09-11T16:56:52","date_gmt":"2018-09-11T16:56:52","guid":{"rendered":"https:\/\/www.lejournalduforkane.com\/?p=21350"},"modified":"2018-09-12T06:58:09","modified_gmt":"2018-09-12T06:58:09","slug":"cette-femme-nest-pas-musulmane-mais-pleure-sa-protestation-contre-le-genocide-saoudien-au-yemen","status":"publish","type":"post","link":"https:\/\/www.lejournalduforkane.com\/index.php\/cette-femme-nest-pas-musulmane-mais-pleure-sa-protestation-contre-le-genocide-saoudien-au-yemen\/","title":{"rendered":"CETTE FEMME N&rsquo;EST PAS MUSULMANE MAIS PLEURE SA PROTESTATION CONTRE LE G\u00c9NOCIDE SAOUDIEN AU Y\u00c9MEN"},"content":{"rendered":"<p><!--more--><\/p>\n<p>CETTE FEMME N&rsquo;EST PAS MUSULMANE MAIS PLEURE SA PROTESTATION CONTRE LE G\u00c9NOCIDE SAOUDIEN AU Y\u00c9MEN<\/p>\n<p>C&rsquo;est une honte pour tous les musulmans qui se taisent sur ce g\u00e9nocide !<\/p>\n<p><iframe loading=\"lazy\" width=\"620\" height=\"405\" src=\"\/\/rutube.ru\/play\/embed\/11375299\" frameborder=\"0\" webkitAllowFullScreen mozallowfullscreen allowfullscreen><\/iframe><\/p>\n","protected":false},"excerpt":{"rendered":"CETTE FEMME N'EST PAS MUSULMANE MAIS PLEURE SA PROTESTATION CONTRE LE G\u00c9NOCIDE SAOUDIEN AU Y\u00c9MEN C'est une honte pour tous les musulmans qui se taisent sur ce g\u00e9nocide !","protected":false},"author":2,"featured_media":0,"comment_status":"closed","ping_status":"open","sticky":false,"template":"","format":"standard","meta":[],"categories":[49],"tags":[],"_links":{"self":[{"href":"https:\/\/www.lejournalduforkane.com\/index.php\/wp-json\/wp\/v2\/posts\/21350"}],"collection":[{"href":"https:\/\/www.lejournalduforkane.com\/index.php\/wp-json\/wp\/v2\/posts"}],"about":[{"href":"https:\/\/www.lejournalduforkane.com\/index.php\/wp-json\/wp\/v2\/types\/post"}],"author":[{"embeddable":true,"href":"https:\/\/www.lejournalduforkane.com\/index.php\/wp-json\/wp\/v2\/users\/2"}],"replies":[{"embeddable":true,"href":"https:\/\/www.lejournalduforkane.com\/index.php\/wp-json\/wp\/v2\/comments?post=21350"}],"version-history":[{"count":3,"href":"https:\/\/www.lejournalduforkane.com\/index.php\/wp-json\/wp\/v2\/posts\/21350\/revisions"}],"predecessor-version":[{"id":21354,"href":"https:\/\/www.lejournalduforkane.com\/index.php\/wp-json\/wp\/v2\/posts\/21350\/revisions\/21354"}],"wp:attachment":[{"href":"https:\/\/www.lejournalduforkane.com\/index.php\/wp-json\/wp\/v2\/media?parent=21350"}],"wp:term":[{"taxonomy":"category","embeddable":true,"href":"https:\/\/www.lejournalduforkane.com\/index.php\/wp-json\/wp\/v2\/categories?post=21350"},{"taxonomy":"post_tag","embeddable":true,"href":"https:\/\/www.lejournalduforkane.com\/index.php\/wp-json\/wp\/v2\/tags?post=21350"}],"curies":[{"name":"wp","href":"https:\/\/api.w.org\/{rel}","templated":true}]}}