
{"id":21393,"date":"2018-09-17T18:35:14","date_gmt":"2018-09-17T18:35:14","guid":{"rendered":"https:\/\/www.lejournalduforkane.com\/?p=21393"},"modified":"2018-09-17T18:35:14","modified_gmt":"2018-09-17T18:35:14","slug":"ce-ne-sont-pas-des-palestiniens-qui-jettent-des-pierres","status":"publish","type":"post","link":"https:\/\/www.lejournalduforkane.com\/index.php\/ce-ne-sont-pas-des-palestiniens-qui-jettent-des-pierres\/","title":{"rendered":"Ce ne sont pas des palestiniens qui jettent des pierres!!!"},"content":{"rendered":"<p><!--more--><\/p>\n<p>Ce ne sont pas des palestiniens qui jettent des pierres<\/p>\n<p>ce sont des colons isra\u00e9liens jetant des pierres sur des maisons palestiniennes sous la protection de l&rsquo;arm\u00e9e d&rsquo;occupation d&rsquo;Isra\u00ebl les soutenant par des coups de feu<\/p>\n<p>les colons sionistes ont \u00e9galement br\u00fbl\u00e9 159 oliviers palestiniens<\/p>\n<p><iframe loading=\"lazy\" width=\"620\" height=\"405\" src=\"\/\/rutube.ru\/play\/embed\/11387288\" frameborder=\"0\" webkitAllowFullScreen mozallowfullscreen allowfullscreen><\/iframe><\/p>\n","protected":false},"excerpt":{"rendered":"Ce ne sont pas des palestiniens qui jettent des pierres ce sont des colons isra\u00e9liens jetant des pierres sur des maisons palestiniennes sous la protection de l'arm\u00e9e d'occupation d'Isra\u00ebl les","protected":false},"author":2,"featured_media":0,"comment_status":"closed","ping_status":"open","sticky":false,"template":"","format":"standard","meta":[],"categories":[49],"tags":[],"_links":{"self":[{"href":"https:\/\/www.lejournalduforkane.com\/index.php\/wp-json\/wp\/v2\/posts\/21393"}],"collection":[{"href":"https:\/\/www.lejournalduforkane.com\/index.php\/wp-json\/wp\/v2\/posts"}],"about":[{"href":"https:\/\/www.lejournalduforkane.com\/index.php\/wp-json\/wp\/v2\/types\/post"}],"author":[{"embeddable":true,"href":"https:\/\/www.lejournalduforkane.com\/index.php\/wp-json\/wp\/v2\/users\/2"}],"replies":[{"embeddable":true,"href":"https:\/\/www.lejournalduforkane.com\/index.php\/wp-json\/wp\/v2\/comments?post=21393"}],"version-history":[{"count":1,"href":"https:\/\/www.lejournalduforkane.com\/index.php\/wp-json\/wp\/v2\/posts\/21393\/revisions"}],"predecessor-version":[{"id":21395,"href":"https:\/\/www.lejournalduforkane.com\/index.php\/wp-json\/wp\/v2\/posts\/21393\/revisions\/21395"}],"wp:attachment":[{"href":"https:\/\/www.lejournalduforkane.com\/index.php\/wp-json\/wp\/v2\/media?parent=21393"}],"wp:term":[{"taxonomy":"category","embeddable":true,"href":"https:\/\/www.lejournalduforkane.com\/index.php\/wp-json\/wp\/v2\/categories?post=21393"},{"taxonomy":"post_tag","embeddable":true,"href":"https:\/\/www.lejournalduforkane.com\/index.php\/wp-json\/wp\/v2\/tags?post=21393"}],"curies":[{"name":"wp","href":"https:\/\/api.w.org\/{rel}","templated":true}]}}