
{"id":21396,"date":"2018-09-17T18:41:53","date_gmt":"2018-09-17T18:41:53","guid":{"rendered":"https:\/\/www.lejournalduforkane.com\/?p=21396"},"modified":"2018-09-17T18:41:53","modified_gmt":"2018-09-17T18:41:53","slug":"hassan-nasrallah-eclate-en-sanglots-en-evoquant-le-martyre-de-limam-hussein","status":"publish","type":"post","link":"https:\/\/www.lejournalduforkane.com\/index.php\/hassan-nasrallah-eclate-en-sanglots-en-evoquant-le-martyre-de-limam-hussein\/","title":{"rendered":"HASSAN NASRALLAH ECLATE EN SANGLOTS EN EVOQUANT LE MARTYRE DE L&rsquo;IMAM HUSSEIN"},"content":{"rendered":"<p><!--more--><\/p>\n<p>HASSAN NASRALLAH ECLATE EN SANGLOTS EN EVOQUANT LE MARTYRE DE L&rsquo;IMAM HUSSEIN<\/p>\n<p>Discours du Secr\u00e9taire G\u00e9n\u00e9ral du Hezbollah, Sayed Hassan Nasrallah, le 13 septembre 2018, \u00e0 l&rsquo;occasion de la troisi\u00e8me nuit du mois de Muharram, qui marque le d\u00e9but du calendrier h\u00e9girien et de la comm\u00e9moration du martyre de l&rsquo;Imam Hussein, tu\u00e9 le 10e jour de Muharram.<\/p>\n<p><iframe loading=\"lazy\" width=\"620\" height=\"405\" src=\"\/\/rutube.ru\/play\/embed\/11387296\" frameborder=\"0\" webkitAllowFullScreen mozallowfullscreen allowfullscreen><\/iframe><\/p>\n","protected":false},"excerpt":{"rendered":"HASSAN NASRALLAH ECLATE EN SANGLOTS EN EVOQUANT LE MARTYRE DE L'IMAM HUSSEIN Discours du Secr\u00e9taire G\u00e9n\u00e9ral du Hezbollah, Sayed Hassan Nasrallah, le 13 septembre 2018, \u00e0 l'occasion de la troisi\u00e8me","protected":false},"author":2,"featured_media":0,"comment_status":"closed","ping_status":"open","sticky":false,"template":"","format":"standard","meta":[],"categories":[49],"tags":[],"_links":{"self":[{"href":"https:\/\/www.lejournalduforkane.com\/index.php\/wp-json\/wp\/v2\/posts\/21396"}],"collection":[{"href":"https:\/\/www.lejournalduforkane.com\/index.php\/wp-json\/wp\/v2\/posts"}],"about":[{"href":"https:\/\/www.lejournalduforkane.com\/index.php\/wp-json\/wp\/v2\/types\/post"}],"author":[{"embeddable":true,"href":"https:\/\/www.lejournalduforkane.com\/index.php\/wp-json\/wp\/v2\/users\/2"}],"replies":[{"embeddable":true,"href":"https:\/\/www.lejournalduforkane.com\/index.php\/wp-json\/wp\/v2\/comments?post=21396"}],"version-history":[{"count":1,"href":"https:\/\/www.lejournalduforkane.com\/index.php\/wp-json\/wp\/v2\/posts\/21396\/revisions"}],"predecessor-version":[{"id":21398,"href":"https:\/\/www.lejournalduforkane.com\/index.php\/wp-json\/wp\/v2\/posts\/21396\/revisions\/21398"}],"wp:attachment":[{"href":"https:\/\/www.lejournalduforkane.com\/index.php\/wp-json\/wp\/v2\/media?parent=21396"}],"wp:term":[{"taxonomy":"category","embeddable":true,"href":"https:\/\/www.lejournalduforkane.com\/index.php\/wp-json\/wp\/v2\/categories?post=21396"},{"taxonomy":"post_tag","embeddable":true,"href":"https:\/\/www.lejournalduforkane.com\/index.php\/wp-json\/wp\/v2\/tags?post=21396"}],"curies":[{"name":"wp","href":"https:\/\/api.w.org\/{rel}","templated":true}]}}