
{"id":21414,"date":"2018-09-18T18:55:02","date_gmt":"2018-09-18T18:55:02","guid":{"rendered":"https:\/\/www.lejournalduforkane.com\/?p=21414"},"modified":"2018-09-18T18:55:02","modified_gmt":"2018-09-18T18:55:02","slug":"ahed-tamimi-a-la-fete-de-lhumanite","status":"publish","type":"post","link":"https:\/\/www.lejournalduforkane.com\/index.php\/ahed-tamimi-a-la-fete-de-lhumanite\/","title":{"rendered":"Ahed Tamimi \u00e0 la F\u00eate de l&rsquo;Humanit\u00e9"},"content":{"rendered":"<p><!--more--><\/p>\n<p>Ahed Tamimi \u00e0 la F\u00eate de l&rsquo;Humanit\u00e9<\/p>\n<p>Ahed Tamimi, la jeune militante devenue une icone mondiale de la r\u00e9sistance palestinienne, lance un appel aux jeunes de France \u00e0 la F\u00eate de l&rsquo;Humanit\u00e9.<\/p>\n<p><iframe loading=\"lazy\" width=\"620\" height=\"405\" src=\"\/\/rutube.ru\/play\/embed\/11389767\" frameborder=\"0\" webkitAllowFullScreen mozallowfullscreen allowfullscreen><\/iframe><\/p>\n","protected":false},"excerpt":{"rendered":"Ahed Tamimi \u00e0 la F\u00eate de l'Humanit\u00e9 Ahed Tamimi, la jeune militante devenue une icone mondiale de la r\u00e9sistance palestinienne, lance un appel aux jeunes de France \u00e0 la F\u00eate","protected":false},"author":2,"featured_media":0,"comment_status":"closed","ping_status":"open","sticky":false,"template":"","format":"standard","meta":[],"categories":[49],"tags":[],"_links":{"self":[{"href":"https:\/\/www.lejournalduforkane.com\/index.php\/wp-json\/wp\/v2\/posts\/21414"}],"collection":[{"href":"https:\/\/www.lejournalduforkane.com\/index.php\/wp-json\/wp\/v2\/posts"}],"about":[{"href":"https:\/\/www.lejournalduforkane.com\/index.php\/wp-json\/wp\/v2\/types\/post"}],"author":[{"embeddable":true,"href":"https:\/\/www.lejournalduforkane.com\/index.php\/wp-json\/wp\/v2\/users\/2"}],"replies":[{"embeddable":true,"href":"https:\/\/www.lejournalduforkane.com\/index.php\/wp-json\/wp\/v2\/comments?post=21414"}],"version-history":[{"count":1,"href":"https:\/\/www.lejournalduforkane.com\/index.php\/wp-json\/wp\/v2\/posts\/21414\/revisions"}],"predecessor-version":[{"id":21416,"href":"https:\/\/www.lejournalduforkane.com\/index.php\/wp-json\/wp\/v2\/posts\/21414\/revisions\/21416"}],"wp:attachment":[{"href":"https:\/\/www.lejournalduforkane.com\/index.php\/wp-json\/wp\/v2\/media?parent=21414"}],"wp:term":[{"taxonomy":"category","embeddable":true,"href":"https:\/\/www.lejournalduforkane.com\/index.php\/wp-json\/wp\/v2\/categories?post=21414"},{"taxonomy":"post_tag","embeddable":true,"href":"https:\/\/www.lejournalduforkane.com\/index.php\/wp-json\/wp\/v2\/tags?post=21414"}],"curies":[{"name":"wp","href":"https:\/\/api.w.org\/{rel}","templated":true}]}}