
{"id":21457,"date":"2018-11-12T19:49:20","date_gmt":"2018-11-12T19:49:20","guid":{"rendered":"https:\/\/www.lejournalduforkane.com\/?p=21457"},"modified":"2018-11-12T19:49:20","modified_gmt":"2018-11-12T19:49:20","slug":"video-louis-farrakhan-sexprime-contre-la-persecution-des-musulmans-aux-yemen-et-en-birmanie","status":"publish","type":"post","link":"https:\/\/www.lejournalduforkane.com\/index.php\/video-louis-farrakhan-sexprime-contre-la-persecution-des-musulmans-aux-yemen-et-en-birmanie\/","title":{"rendered":"Vid\u00e9o] | LOUIS FARRAKHAN S&rsquo;EXPRIME CONTRE LA PERS\u00c9CUTION DES MUSULMANS AUX Y\u00c9MEN ET EN BIRMANIE"},"content":{"rendered":"<p><!--more--><\/p>\n<p>Un \u00e9minent dirigeant am\u00e9ricain musulman s&rsquo;exprime contre la pers\u00e9cution des personnes au Y\u00e9men et au Myanmar ET critique l&rsquo;administration Trump pour avoir pouss\u00e9 \u00e0 la discorde parmi la communaut\u00e9 musulmane<\/p>\n<p><iframe loading=\"lazy\" width=\"620\" height=\"405\" src=\"\/\/rutube.ru\/play\/embed\/11741696\" frameborder=\"0\" webkitAllowFullScreen mozallowfullscreen allowfullscreen><\/iframe><\/p>\n","protected":false},"excerpt":{"rendered":"Un \u00e9minent dirigeant am\u00e9ricain musulman s'exprime contre la pers\u00e9cution des personnes au Y\u00e9men et au Myanmar ET critique l'administration Trump pour avoir pouss\u00e9 \u00e0 la discorde parmi la communaut\u00e9 musulmane","protected":false},"author":2,"featured_media":0,"comment_status":"closed","ping_status":"open","sticky":false,"template":"","format":"standard","meta":[],"categories":[49],"tags":[],"_links":{"self":[{"href":"https:\/\/www.lejournalduforkane.com\/index.php\/wp-json\/wp\/v2\/posts\/21457"}],"collection":[{"href":"https:\/\/www.lejournalduforkane.com\/index.php\/wp-json\/wp\/v2\/posts"}],"about":[{"href":"https:\/\/www.lejournalduforkane.com\/index.php\/wp-json\/wp\/v2\/types\/post"}],"author":[{"embeddable":true,"href":"https:\/\/www.lejournalduforkane.com\/index.php\/wp-json\/wp\/v2\/users\/2"}],"replies":[{"embeddable":true,"href":"https:\/\/www.lejournalduforkane.com\/index.php\/wp-json\/wp\/v2\/comments?post=21457"}],"version-history":[{"count":1,"href":"https:\/\/www.lejournalduforkane.com\/index.php\/wp-json\/wp\/v2\/posts\/21457\/revisions"}],"predecessor-version":[{"id":21459,"href":"https:\/\/www.lejournalduforkane.com\/index.php\/wp-json\/wp\/v2\/posts\/21457\/revisions\/21459"}],"wp:attachment":[{"href":"https:\/\/www.lejournalduforkane.com\/index.php\/wp-json\/wp\/v2\/media?parent=21457"}],"wp:term":[{"taxonomy":"category","embeddable":true,"href":"https:\/\/www.lejournalduforkane.com\/index.php\/wp-json\/wp\/v2\/categories?post=21457"},{"taxonomy":"post_tag","embeddable":true,"href":"https:\/\/www.lejournalduforkane.com\/index.php\/wp-json\/wp\/v2\/tags?post=21457"}],"curies":[{"name":"wp","href":"https:\/\/api.w.org\/{rel}","templated":true}]}}