
{"id":21474,"date":"2018-11-13T19:03:10","date_gmt":"2018-11-13T19:03:10","guid":{"rendered":"https:\/\/www.lejournalduforkane.com\/?p=21474"},"modified":"2018-11-14T19:04:04","modified_gmt":"2018-11-14T19:04:04","slug":"reagrdez-hier-soir-quand-une-frappe-aerienne-israelienne-a-bombarde-le-batiment-de-la-television-al-aqsa-tv-au-milieu-de-la-ville-de-gaza","status":"publish","type":"post","link":"https:\/\/www.lejournalduforkane.com\/index.php\/reagrdez-hier-soir-quand-une-frappe-aerienne-israelienne-a-bombarde-le-batiment-de-la-television-al-aqsa-tv-au-milieu-de-la-ville-de-gaza\/","title":{"rendered":"Reagrdez : Hier soir quand une frappe a\u00e9rienne isra\u00e9lienne a bombard\u00e9 le b\u00e2timent de la t\u00e9l\u00e9vision Al Aqsa TV au milieu de la ville de Gaza."},"content":{"rendered":"<p><!--more--><\/p>\n<p>Reagrdez : Hier soir quand une frappe a\u00e9rienne isra\u00e9lienne a bombard\u00e9 le b\u00e2timent de la t\u00e9l\u00e9vision Al Aqsa TV au milieu de la ville de Gaza.<\/p>\n<p>Cibler les b\u00e2timents de presse est un crime !<\/p>\n<p><iframe width = \"620\" height = \"405\" src = \"\/\/ rutube.ru\/play\/embed\/11757627\" frameborder = \"0\" webkitAllowFullScreen Acc\u00e8s direct \u00e0 l'\u00e9cran> <\/ iframe><\/p>\n","protected":false},"excerpt":{"rendered":"Reagrdez : Hier soir quand une frappe a\u00e9rienne isra\u00e9lienne a bombard\u00e9 le b\u00e2timent de la t\u00e9l\u00e9vision Al Aqsa TV au milieu de la ville de Gaza. Cibler les b\u00e2timents de","protected":false},"author":2,"featured_media":0,"comment_status":"closed","ping_status":"open","sticky":false,"template":"","format":"standard","meta":[],"categories":[49],"tags":[],"_links":{"self":[{"href":"https:\/\/www.lejournalduforkane.com\/index.php\/wp-json\/wp\/v2\/posts\/21474"}],"collection":[{"href":"https:\/\/www.lejournalduforkane.com\/index.php\/wp-json\/wp\/v2\/posts"}],"about":[{"href":"https:\/\/www.lejournalduforkane.com\/index.php\/wp-json\/wp\/v2\/types\/post"}],"author":[{"embeddable":true,"href":"https:\/\/www.lejournalduforkane.com\/index.php\/wp-json\/wp\/v2\/users\/2"}],"replies":[{"embeddable":true,"href":"https:\/\/www.lejournalduforkane.com\/index.php\/wp-json\/wp\/v2\/comments?post=21474"}],"version-history":[{"count":1,"href":"https:\/\/www.lejournalduforkane.com\/index.php\/wp-json\/wp\/v2\/posts\/21474\/revisions"}],"predecessor-version":[{"id":21476,"href":"https:\/\/www.lejournalduforkane.com\/index.php\/wp-json\/wp\/v2\/posts\/21474\/revisions\/21476"}],"wp:attachment":[{"href":"https:\/\/www.lejournalduforkane.com\/index.php\/wp-json\/wp\/v2\/media?parent=21474"}],"wp:term":[{"taxonomy":"category","embeddable":true,"href":"https:\/\/www.lejournalduforkane.com\/index.php\/wp-json\/wp\/v2\/categories?post=21474"},{"taxonomy":"post_tag","embeddable":true,"href":"https:\/\/www.lejournalduforkane.com\/index.php\/wp-json\/wp\/v2\/tags?post=21474"}],"curies":[{"name":"wp","href":"https:\/\/api.w.org\/{rel}","templated":true}]}}