
{"id":21477,"date":"2018-11-14T19:08:11","date_gmt":"2018-11-14T19:08:11","guid":{"rendered":"https:\/\/www.lejournalduforkane.com\/?p=21477"},"modified":"2018-11-14T19:08:11","modified_gmt":"2018-11-14T19:08:11","slug":"video-du-moment-ou-le-batiment-residentiel-la-ete-completement-detruit-par-les-missiles-f16-israeliens","status":"publish","type":"post","link":"https:\/\/www.lejournalduforkane.com\/index.php\/video-du-moment-ou-le-batiment-residentiel-la-ete-completement-detruit-par-les-missiles-f16-israeliens\/","title":{"rendered":"Vid\u00e9o du moment o\u00f9 le b\u00e2timent r\u00e9sidentiel la \u00e9t\u00e9 compl\u00e8tement d\u00e9truit par les missiles F16 Isra\u00e9liens"},"content":{"rendered":"<p><!--more--><\/p>\n<p>Vid\u00e9o du moment o\u00f9 le b\u00e2timent r\u00e9sidentiel de 5 \u00e9tages &#8211; Al-Rahma dans le centre de la bande de Gaza a \u00e9t\u00e9 compl\u00e8tement d\u00e9truit par les missiles F16 Isra\u00e9liens.<\/p>\n<p><iframe loading=\"lazy\" width=\"620\" height=\"405\" src=\"\/\/rutube.ru\/play\/embed\/11757643\" frameborder=\"0\" webkitAllowFullScreen mozallowfullscreen allowfullscreen><\/iframe><\/p>\n","protected":false},"excerpt":{"rendered":"Vid\u00e9o du moment o\u00f9 le b\u00e2timent r\u00e9sidentiel de 5 \u00e9tages - Al-Rahma dans le centre de la bande de Gaza a \u00e9t\u00e9 compl\u00e8tement d\u00e9truit par les missiles F16 Isra\u00e9liens.","protected":false},"author":2,"featured_media":0,"comment_status":"closed","ping_status":"open","sticky":false,"template":"","format":"standard","meta":[],"categories":[49],"tags":[],"_links":{"self":[{"href":"https:\/\/www.lejournalduforkane.com\/index.php\/wp-json\/wp\/v2\/posts\/21477"}],"collection":[{"href":"https:\/\/www.lejournalduforkane.com\/index.php\/wp-json\/wp\/v2\/posts"}],"about":[{"href":"https:\/\/www.lejournalduforkane.com\/index.php\/wp-json\/wp\/v2\/types\/post"}],"author":[{"embeddable":true,"href":"https:\/\/www.lejournalduforkane.com\/index.php\/wp-json\/wp\/v2\/users\/2"}],"replies":[{"embeddable":true,"href":"https:\/\/www.lejournalduforkane.com\/index.php\/wp-json\/wp\/v2\/comments?post=21477"}],"version-history":[{"count":2,"href":"https:\/\/www.lejournalduforkane.com\/index.php\/wp-json\/wp\/v2\/posts\/21477\/revisions"}],"predecessor-version":[{"id":21480,"href":"https:\/\/www.lejournalduforkane.com\/index.php\/wp-json\/wp\/v2\/posts\/21477\/revisions\/21480"}],"wp:attachment":[{"href":"https:\/\/www.lejournalduforkane.com\/index.php\/wp-json\/wp\/v2\/media?parent=21477"}],"wp:term":[{"taxonomy":"category","embeddable":true,"href":"https:\/\/www.lejournalduforkane.com\/index.php\/wp-json\/wp\/v2\/categories?post=21477"},{"taxonomy":"post_tag","embeddable":true,"href":"https:\/\/www.lejournalduforkane.com\/index.php\/wp-json\/wp\/v2\/tags?post=21477"}],"curies":[{"name":"wp","href":"https:\/\/api.w.org\/{rel}","templated":true}]}}