
{"id":21538,"date":"2018-11-19T19:36:41","date_gmt":"2018-11-19T19:36:41","guid":{"rendered":"https:\/\/www.lejournalduforkane.com\/?p=21538"},"modified":"2018-11-19T19:36:41","modified_gmt":"2018-11-19T19:36:41","slug":"hassan-nasrallah-au-yemen-loccident-ne-se-soucie-que-de-proteger-larabie-saoudite","status":"publish","type":"post","link":"https:\/\/www.lejournalduforkane.com\/index.php\/hassan-nasrallah-au-yemen-loccident-ne-se-soucie-que-de-proteger-larabie-saoudite\/","title":{"rendered":"HASSAN NASRALLAH : AU YEMEN, L&rsquo;OCCIDENT NE SE SOUCIE QUE DE PROT\u00c9GER L&rsquo;ARABIE SAOUDITE"},"content":{"rendered":"<p><!--more--><\/p>\n<p>HASSAN NASRALLAH : AU YEMEN, L&rsquo;OCCIDENT NE SE SOUCIE QUE DE PROT\u00c9GER L&rsquo;ARABIE SAOUDITE<\/p>\n<p>Discours du Secr\u00e9taire G\u00e9n\u00e9ral du Hezbollah, Sayed Hassan Nasrallah, le 10 novembre 2018, \u00e0 l&rsquo;occasion du Jour du Martyr, comm\u00e9morant l&rsquo;attaque contre le quartier g\u00e9n\u00e9ral de l&rsquo;occupant \u00e0 Tyr (sud-Liban), le 11 novembre 1982, tuant 76 officiers isra\u00e9liens.<\/p>\n<p><iframe loading=\"lazy\" width=\"720\" height=\"405\" src=\"\/\/rutube.ru\/play\/embed\/11769269\" frameborder=\"0\" webkitAllowFullScreen mozallowfullscreen allowfullscreen><\/iframe><\/p>\n","protected":false},"excerpt":{"rendered":"HASSAN NASRALLAH : AU YEMEN, L'OCCIDENT NE SE SOUCIE QUE DE PROT\u00c9GER L'ARABIE SAOUDITE Discours du Secr\u00e9taire G\u00e9n\u00e9ral du Hezbollah, Sayed Hassan Nasrallah, le 10 novembre 2018, \u00e0 l'occasion du","protected":false},"author":2,"featured_media":0,"comment_status":"closed","ping_status":"open","sticky":false,"template":"","format":"standard","meta":[],"categories":[49],"tags":[],"_links":{"self":[{"href":"https:\/\/www.lejournalduforkane.com\/index.php\/wp-json\/wp\/v2\/posts\/21538"}],"collection":[{"href":"https:\/\/www.lejournalduforkane.com\/index.php\/wp-json\/wp\/v2\/posts"}],"about":[{"href":"https:\/\/www.lejournalduforkane.com\/index.php\/wp-json\/wp\/v2\/types\/post"}],"author":[{"embeddable":true,"href":"https:\/\/www.lejournalduforkane.com\/index.php\/wp-json\/wp\/v2\/users\/2"}],"replies":[{"embeddable":true,"href":"https:\/\/www.lejournalduforkane.com\/index.php\/wp-json\/wp\/v2\/comments?post=21538"}],"version-history":[{"count":1,"href":"https:\/\/www.lejournalduforkane.com\/index.php\/wp-json\/wp\/v2\/posts\/21538\/revisions"}],"predecessor-version":[{"id":21540,"href":"https:\/\/www.lejournalduforkane.com\/index.php\/wp-json\/wp\/v2\/posts\/21538\/revisions\/21540"}],"wp:attachment":[{"href":"https:\/\/www.lejournalduforkane.com\/index.php\/wp-json\/wp\/v2\/media?parent=21538"}],"wp:term":[{"taxonomy":"category","embeddable":true,"href":"https:\/\/www.lejournalduforkane.com\/index.php\/wp-json\/wp\/v2\/categories?post=21538"},{"taxonomy":"post_tag","embeddable":true,"href":"https:\/\/www.lejournalduforkane.com\/index.php\/wp-json\/wp\/v2\/tags?post=21538"}],"curies":[{"name":"wp","href":"https:\/\/api.w.org\/{rel}","templated":true}]}}