
{"id":21554,"date":"2018-11-21T19:25:48","date_gmt":"2018-11-21T19:25:48","guid":{"rendered":"https:\/\/www.lejournalduforkane.com\/?p=21554"},"modified":"2018-11-26T19:36:53","modified_gmt":"2018-11-26T19:36:53","slug":"video-celebration-de-la-naissance-du-prophete-mohammed-p-au-yemen","status":"publish","type":"post","link":"https:\/\/www.lejournalduforkane.com\/index.php\/video-celebration-de-la-naissance-du-prophete-mohammed-p-au-yemen\/","title":{"rendered":"[Vid\u00e9o] | C\u00e9l\u00e9bration de la naissance du Proph\u00e8te Mohammed (P) au Y\u00e9men"},"content":{"rendered":"<p><!--more--><\/p>\n<p>Regardez la vid\u00e9o et vous comprenez pourquoi le Proph\u00e8te Mohammed (P) a b\u00e9ni le Y\u00e9men.<\/p>\n<div style=\"width: 400px;\" class=\"wp-video\"><!--[if lt IE 9]><script>document.createElement('video');<\/script><![endif]-->\n<video class=\"wp-video-shortcode\" id=\"video-21554-1\" width=\"400\" height=\"204\" preload=\"metadata\" controls=\"controls\"><source type=\"video\/mp4\" src=\"https:\/\/www.lejournalduforkane.com\/wp-content\/uploads\/2018\/11\/46669627_666911883703304_1133943229536796672_n.mp4?_=1\" \/><a href=\"https:\/\/www.lejournalduforkane.com\/wp-content\/uploads\/2018\/11\/46669627_666911883703304_1133943229536796672_n.mp4\">https:\/\/www.lejournalduforkane.com\/wp-content\/uploads\/2018\/11\/46669627_666911883703304_1133943229536796672_n.mp4<\/a><\/video><\/div>\n","protected":false},"excerpt":{"rendered":"Regardez la vid\u00e9o et vous comprenez pourquoi le Proph\u00e8te Mohammed (P) a b\u00e9ni le Y\u00e9men. [video width=\"400\" height=\"204\" mp4=\"https:\/\/www.lejournalduforkane.com\/wp-content\/uploads\/2018\/11\/46669627_666911883703304_1133943229536796672_n.mp4\"][\/video]","protected":false},"author":2,"featured_media":0,"comment_status":"closed","ping_status":"open","sticky":false,"template":"","format":"standard","meta":[],"categories":[49],"tags":[],"_links":{"self":[{"href":"https:\/\/www.lejournalduforkane.com\/index.php\/wp-json\/wp\/v2\/posts\/21554"}],"collection":[{"href":"https:\/\/www.lejournalduforkane.com\/index.php\/wp-json\/wp\/v2\/posts"}],"about":[{"href":"https:\/\/www.lejournalduforkane.com\/index.php\/wp-json\/wp\/v2\/types\/post"}],"author":[{"embeddable":true,"href":"https:\/\/www.lejournalduforkane.com\/index.php\/wp-json\/wp\/v2\/users\/2"}],"replies":[{"embeddable":true,"href":"https:\/\/www.lejournalduforkane.com\/index.php\/wp-json\/wp\/v2\/comments?post=21554"}],"version-history":[{"count":3,"href":"https:\/\/www.lejournalduforkane.com\/index.php\/wp-json\/wp\/v2\/posts\/21554\/revisions"}],"predecessor-version":[{"id":21571,"href":"https:\/\/www.lejournalduforkane.com\/index.php\/wp-json\/wp\/v2\/posts\/21554\/revisions\/21571"}],"wp:attachment":[{"href":"https:\/\/www.lejournalduforkane.com\/index.php\/wp-json\/wp\/v2\/media?parent=21554"}],"wp:term":[{"taxonomy":"category","embeddable":true,"href":"https:\/\/www.lejournalduforkane.com\/index.php\/wp-json\/wp\/v2\/categories?post=21554"},{"taxonomy":"post_tag","embeddable":true,"href":"https:\/\/www.lejournalduforkane.com\/index.php\/wp-json\/wp\/v2\/tags?post=21554"}],"curies":[{"name":"wp","href":"https:\/\/api.w.org\/{rel}","templated":true}]}}