
{"id":21574,"date":"2018-11-26T19:40:30","date_gmt":"2018-11-26T19:40:30","guid":{"rendered":"https:\/\/www.lejournalduforkane.com\/?p=21574"},"modified":"2018-11-26T19:48:14","modified_gmt":"2018-11-26T19:48:14","slug":"cest-yasmeen-du-yemen-elle-na-que-8-mois","status":"publish","type":"post","link":"https:\/\/www.lejournalduforkane.com\/index.php\/cest-yasmeen-du-yemen-elle-na-que-8-mois\/","title":{"rendered":"C&rsquo;est Yasmeen du Y\u00e9men. Elle n&rsquo;a que 8 mois!"},"content":{"rendered":"<p><!--more--><\/p>\n<p>C&rsquo;est Yasmeen du Y\u00e9men. Elle n&rsquo;a que 8 mois. Comme beaucoup d&rsquo;enfants gravement sous-aliment\u00e9s \u00e0 l&rsquo;h\u00f4pital al-Thawra \u00e0 Hodeidah, elle ne pleure pas.<\/p>\n<p>Son petit corps est l\u00e9thargique et faible ; il manque de l&rsquo;\u00e9nergie pour pleurer&#8230;<\/p>\n<div style=\"width: 640px;\" class=\"wp-video\"><!--[if lt IE 9]><script>document.createElement('video');<\/script><![endif]-->\n<video class=\"wp-video-shortcode\" id=\"video-21574-1\" width=\"640\" height=\"360\" preload=\"metadata\" controls=\"controls\"><source type=\"video\/mp4\" src=\"https:\/\/www.lejournalduforkane.com\/wp-content\/uploads\/2018\/11\/40155535_346159236201848_6599515056337011185_n.mp4?_=1\" \/><a href=\"https:\/\/www.lejournalduforkane.com\/wp-content\/uploads\/2018\/11\/40155535_346159236201848_6599515056337011185_n.mp4\">https:\/\/www.lejournalduforkane.com\/wp-content\/uploads\/2018\/11\/40155535_346159236201848_6599515056337011185_n.mp4<\/a><\/video><\/div>\n","protected":false},"excerpt":{"rendered":"C'est Yasmeen du Y\u00e9men. Elle n'a que 8 mois. Comme beaucoup d'enfants gravement sous-aliment\u00e9s \u00e0 l'h\u00f4pital al-Thawra \u00e0 Hodeidah, elle ne pleure pas. Son petit corps est l\u00e9thargique et faible","protected":false},"author":2,"featured_media":0,"comment_status":"closed","ping_status":"open","sticky":false,"template":"","format":"standard","meta":[],"categories":[49],"tags":[],"_links":{"self":[{"href":"https:\/\/www.lejournalduforkane.com\/index.php\/wp-json\/wp\/v2\/posts\/21574"}],"collection":[{"href":"https:\/\/www.lejournalduforkane.com\/index.php\/wp-json\/wp\/v2\/posts"}],"about":[{"href":"https:\/\/www.lejournalduforkane.com\/index.php\/wp-json\/wp\/v2\/types\/post"}],"author":[{"embeddable":true,"href":"https:\/\/www.lejournalduforkane.com\/index.php\/wp-json\/wp\/v2\/users\/2"}],"replies":[{"embeddable":true,"href":"https:\/\/www.lejournalduforkane.com\/index.php\/wp-json\/wp\/v2\/comments?post=21574"}],"version-history":[{"count":3,"href":"https:\/\/www.lejournalduforkane.com\/index.php\/wp-json\/wp\/v2\/posts\/21574\/revisions"}],"predecessor-version":[{"id":21581,"href":"https:\/\/www.lejournalduforkane.com\/index.php\/wp-json\/wp\/v2\/posts\/21574\/revisions\/21581"}],"wp:attachment":[{"href":"https:\/\/www.lejournalduforkane.com\/index.php\/wp-json\/wp\/v2\/media?parent=21574"}],"wp:term":[{"taxonomy":"category","embeddable":true,"href":"https:\/\/www.lejournalduforkane.com\/index.php\/wp-json\/wp\/v2\/categories?post=21574"},{"taxonomy":"post_tag","embeddable":true,"href":"https:\/\/www.lejournalduforkane.com\/index.php\/wp-json\/wp\/v2\/tags?post=21574"}],"curies":[{"name":"wp","href":"https:\/\/api.w.org\/{rel}","templated":true}]}}