
{"id":21602,"date":"2018-12-02T07:16:10","date_gmt":"2018-12-02T07:16:10","guid":{"rendered":"https:\/\/www.lejournalduforkane.com\/?p=21602"},"modified":"2018-12-02T07:16:10","modified_gmt":"2018-12-02T07:16:10","slug":"moment-ou-la-defense-anti-aerienne-syrienne-fait-face-a-une-agression-aerienne-israelienne-dans-le-ciel-de-damas","status":"publish","type":"post","link":"https:\/\/www.lejournalduforkane.com\/index.php\/moment-ou-la-defense-anti-aerienne-syrienne-fait-face-a-une-agression-aerienne-israelienne-dans-le-ciel-de-damas\/","title":{"rendered":"Moment o\u00f9 la D\u00e9fense Anti-a\u00e9rienne Syrienne fait face \u00e0 une agression a\u00e9rienne isra\u00e9lienne dans le ciel de Damas"},"content":{"rendered":"<p><!--more--><\/p>\n<p><iframe loading=\"lazy\" width=\"620\" height=\"405\" src=\"\/\/rutube.ru\/play\/embed\/11795766\" frameborder=\"0\" webkitAllowFullScreen mozallowfullscreen allowfullscreen><\/iframe><\/p>\n","protected":false},"excerpt":{"rendered":"","protected":false},"author":2,"featured_media":0,"comment_status":"closed","ping_status":"open","sticky":false,"template":"","format":"standard","meta":[],"categories":[49],"tags":[],"_links":{"self":[{"href":"https:\/\/www.lejournalduforkane.com\/index.php\/wp-json\/wp\/v2\/posts\/21602"}],"collection":[{"href":"https:\/\/www.lejournalduforkane.com\/index.php\/wp-json\/wp\/v2\/posts"}],"about":[{"href":"https:\/\/www.lejournalduforkane.com\/index.php\/wp-json\/wp\/v2\/types\/post"}],"author":[{"embeddable":true,"href":"https:\/\/www.lejournalduforkane.com\/index.php\/wp-json\/wp\/v2\/users\/2"}],"replies":[{"embeddable":true,"href":"https:\/\/www.lejournalduforkane.com\/index.php\/wp-json\/wp\/v2\/comments?post=21602"}],"version-history":[{"count":1,"href":"https:\/\/www.lejournalduforkane.com\/index.php\/wp-json\/wp\/v2\/posts\/21602\/revisions"}],"predecessor-version":[{"id":21604,"href":"https:\/\/www.lejournalduforkane.com\/index.php\/wp-json\/wp\/v2\/posts\/21602\/revisions\/21604"}],"wp:attachment":[{"href":"https:\/\/www.lejournalduforkane.com\/index.php\/wp-json\/wp\/v2\/media?parent=21602"}],"wp:term":[{"taxonomy":"category","embeddable":true,"href":"https:\/\/www.lejournalduforkane.com\/index.php\/wp-json\/wp\/v2\/categories?post=21602"},{"taxonomy":"post_tag","embeddable":true,"href":"https:\/\/www.lejournalduforkane.com\/index.php\/wp-json\/wp\/v2\/tags?post=21602"}],"curies":[{"name":"wp","href":"https:\/\/api.w.org\/{rel}","templated":true}]}}