
{"id":21605,"date":"2018-12-02T07:28:05","date_gmt":"2018-12-02T07:28:05","guid":{"rendered":"https:\/\/www.lejournalduforkane.com\/?p=21605"},"modified":"2018-12-02T07:28:05","modified_gmt":"2018-12-02T07:28:05","slug":"al-qods-regarder-comment-larmee-israelienne-agit-avec-les-femmes-palestiniennes","status":"publish","type":"post","link":"https:\/\/www.lejournalduforkane.com\/index.php\/al-qods-regarder-comment-larmee-israelienne-agit-avec-les-femmes-palestiniennes\/","title":{"rendered":"Al Qods &#8211; Regarder comment l&rsquo;arm\u00e9e isra\u00e9lienne agit avec les femmes palestiniennes !"},"content":{"rendered":"<p><!--more--><\/p>\n<p><iframe loading=\"lazy\" width=\"620\" height=\"405\" src=\"\/\/rutube.ru\/play\/embed\/11795790\" frameborder=\"0\" webkitAllowFullScreen mozallowfullscreen allowfullscreen><\/iframe><\/p>\n<p>Cela en pr\u00e9sence des cam\u00e9ras de la cha\u00eene iTele, imaginez comment les choses se passent sans les cam\u00e9ras !<\/p>\n","protected":false},"excerpt":{"rendered":"Cela en pr\u00e9sence des cam\u00e9ras de la cha\u00eene iTele, imaginez comment les choses se passent sans les cam\u00e9ras !","protected":false},"author":2,"featured_media":0,"comment_status":"closed","ping_status":"open","sticky":false,"template":"","format":"standard","meta":[],"categories":[49],"tags":[],"_links":{"self":[{"href":"https:\/\/www.lejournalduforkane.com\/index.php\/wp-json\/wp\/v2\/posts\/21605"}],"collection":[{"href":"https:\/\/www.lejournalduforkane.com\/index.php\/wp-json\/wp\/v2\/posts"}],"about":[{"href":"https:\/\/www.lejournalduforkane.com\/index.php\/wp-json\/wp\/v2\/types\/post"}],"author":[{"embeddable":true,"href":"https:\/\/www.lejournalduforkane.com\/index.php\/wp-json\/wp\/v2\/users\/2"}],"replies":[{"embeddable":true,"href":"https:\/\/www.lejournalduforkane.com\/index.php\/wp-json\/wp\/v2\/comments?post=21605"}],"version-history":[{"count":1,"href":"https:\/\/www.lejournalduforkane.com\/index.php\/wp-json\/wp\/v2\/posts\/21605\/revisions"}],"predecessor-version":[{"id":21607,"href":"https:\/\/www.lejournalduforkane.com\/index.php\/wp-json\/wp\/v2\/posts\/21605\/revisions\/21607"}],"wp:attachment":[{"href":"https:\/\/www.lejournalduforkane.com\/index.php\/wp-json\/wp\/v2\/media?parent=21605"}],"wp:term":[{"taxonomy":"category","embeddable":true,"href":"https:\/\/www.lejournalduforkane.com\/index.php\/wp-json\/wp\/v2\/categories?post=21605"},{"taxonomy":"post_tag","embeddable":true,"href":"https:\/\/www.lejournalduforkane.com\/index.php\/wp-json\/wp\/v2\/tags?post=21605"}],"curies":[{"name":"wp","href":"https:\/\/api.w.org\/{rel}","templated":true}]}}