
{"id":21627,"date":"2018-12-03T20:04:43","date_gmt":"2018-12-03T20:04:43","guid":{"rendered":"https:\/\/www.lejournalduforkane.com\/?p=21627"},"modified":"2018-12-03T20:04:43","modified_gmt":"2018-12-03T20:04:43","slug":"mefiez-vous-du-peuple-vous-lavez-mis-dans-la-rue-mais-vous-narriverez-peut-etre-pas-a-le-faire-rentrer-dans-la-maison","status":"publish","type":"post","link":"https:\/\/www.lejournalduforkane.com\/index.php\/mefiez-vous-du-peuple-vous-lavez-mis-dans-la-rue-mais-vous-narriverez-peut-etre-pas-a-le-faire-rentrer-dans-la-maison\/","title":{"rendered":"M\u00e9fiez-vous du peuple, vous l&rsquo;avez mis dans la rue, mais vous n&rsquo;arriverez peut-\u00eatre pas \u00e0 le faire rentrer dans la maison !"},"content":{"rendered":"<p><!--more--><\/p>\n<p>Un citoyen fran\u00e7ais \u00e0 une d\u00e9put\u00e9 : \u00a0\u00bb M\u00e9fiez-vous du peuple, vous l&rsquo;avez mis dans la rue, mais vous n&rsquo;arriverez peut-\u00eatre pas \u00e0 le faire rentrer dans la maison !\u00a0\u00bb<\/p>\n<p><iframe loading=\"lazy\" width=\"620\" height=\"405\" src=\"\/\/rutube.ru\/play\/embed\/11799582\" frameborder=\"0\" webkitAllowFullScreen mozallowfullscreen allowfullscreen><\/iframe><\/p>\n","protected":false},"excerpt":{"rendered":"Un citoyen fran\u00e7ais \u00e0 une d\u00e9put\u00e9 : \" M\u00e9fiez-vous du peuple, vous l'avez mis dans la rue, mais vous n'arriverez peut-\u00eatre pas \u00e0 le faire rentrer dans la maison !\"","protected":false},"author":2,"featured_media":0,"comment_status":"closed","ping_status":"open","sticky":false,"template":"","format":"standard","meta":[],"categories":[49],"tags":[],"_links":{"self":[{"href":"https:\/\/www.lejournalduforkane.com\/index.php\/wp-json\/wp\/v2\/posts\/21627"}],"collection":[{"href":"https:\/\/www.lejournalduforkane.com\/index.php\/wp-json\/wp\/v2\/posts"}],"about":[{"href":"https:\/\/www.lejournalduforkane.com\/index.php\/wp-json\/wp\/v2\/types\/post"}],"author":[{"embeddable":true,"href":"https:\/\/www.lejournalduforkane.com\/index.php\/wp-json\/wp\/v2\/users\/2"}],"replies":[{"embeddable":true,"href":"https:\/\/www.lejournalduforkane.com\/index.php\/wp-json\/wp\/v2\/comments?post=21627"}],"version-history":[{"count":1,"href":"https:\/\/www.lejournalduforkane.com\/index.php\/wp-json\/wp\/v2\/posts\/21627\/revisions"}],"predecessor-version":[{"id":21629,"href":"https:\/\/www.lejournalduforkane.com\/index.php\/wp-json\/wp\/v2\/posts\/21627\/revisions\/21629"}],"wp:attachment":[{"href":"https:\/\/www.lejournalduforkane.com\/index.php\/wp-json\/wp\/v2\/media?parent=21627"}],"wp:term":[{"taxonomy":"category","embeddable":true,"href":"https:\/\/www.lejournalduforkane.com\/index.php\/wp-json\/wp\/v2\/categories?post=21627"},{"taxonomy":"post_tag","embeddable":true,"href":"https:\/\/www.lejournalduforkane.com\/index.php\/wp-json\/wp\/v2\/tags?post=21627"}],"curies":[{"name":"wp","href":"https:\/\/api.w.org\/{rel}","templated":true}]}}