
{"id":21643,"date":"2018-12-04T15:18:05","date_gmt":"2018-12-04T15:18:05","guid":{"rendered":"https:\/\/www.lejournalduforkane.com\/?p=21643"},"modified":"2018-12-04T15:26:12","modified_gmt":"2018-12-04T15:26:12","slug":"le-mouvement-des-gilets-jaunes-ne-sessoufflera-pas","status":"publish","type":"post","link":"https:\/\/www.lejournalduforkane.com\/index.php\/le-mouvement-des-gilets-jaunes-ne-sessoufflera-pas\/","title":{"rendered":"Le mouvement des Gilets jaunes ne s\u2019essoufflera pas&#8230;."},"content":{"rendered":"<p><!--more--><\/p>\n<p>Raoul Hedebouw (d\u00e9put\u00e9 Belge) a fait souffler un vent de r\u00e9volte au Parlement : \u00ab Le mouvement des Gilets jaunes ne s\u2019essoufflera pas, M. le Premier ministre. Et vous pouvez le dire \u00e0 votre coll\u00e8gue Macron : les gens sont en col\u00e8re contre les taxes injustes et les attaques sur les salaires. Et ils ont raison. Vous devriez les \u00e9couter, car la mobilisation ne s\u2019arr\u00eatera pas comme \u00e7a. \u00bb<\/p>\n<p><iframe loading=\"lazy\" width=\"620\" height=\"405\" src=\"\/\/rutube.ru\/play\/embed\/11801522\" frameborder=\"0\" webkitAllowFullScreen mozallowfullscreen allowfullscreen><\/iframe><\/p>\n","protected":false},"excerpt":{"rendered":"Raoul Hedebouw (d\u00e9put\u00e9 Belge) a fait souffler un vent de r\u00e9volte au Parlement : \u00ab Le mouvement des Gilets jaunes ne s\u2019essoufflera pas, M. le Premier ministre. Et vous pouvez","protected":false},"author":2,"featured_media":0,"comment_status":"closed","ping_status":"open","sticky":false,"template":"","format":"standard","meta":[],"categories":[49],"tags":[],"_links":{"self":[{"href":"https:\/\/www.lejournalduforkane.com\/index.php\/wp-json\/wp\/v2\/posts\/21643"}],"collection":[{"href":"https:\/\/www.lejournalduforkane.com\/index.php\/wp-json\/wp\/v2\/posts"}],"about":[{"href":"https:\/\/www.lejournalduforkane.com\/index.php\/wp-json\/wp\/v2\/types\/post"}],"author":[{"embeddable":true,"href":"https:\/\/www.lejournalduforkane.com\/index.php\/wp-json\/wp\/v2\/users\/2"}],"replies":[{"embeddable":true,"href":"https:\/\/www.lejournalduforkane.com\/index.php\/wp-json\/wp\/v2\/comments?post=21643"}],"version-history":[{"count":2,"href":"https:\/\/www.lejournalduforkane.com\/index.php\/wp-json\/wp\/v2\/posts\/21643\/revisions"}],"predecessor-version":[{"id":21649,"href":"https:\/\/www.lejournalduforkane.com\/index.php\/wp-json\/wp\/v2\/posts\/21643\/revisions\/21649"}],"wp:attachment":[{"href":"https:\/\/www.lejournalduforkane.com\/index.php\/wp-json\/wp\/v2\/media?parent=21643"}],"wp:term":[{"taxonomy":"category","embeddable":true,"href":"https:\/\/www.lejournalduforkane.com\/index.php\/wp-json\/wp\/v2\/categories?post=21643"},{"taxonomy":"post_tag","embeddable":true,"href":"https:\/\/www.lejournalduforkane.com\/index.php\/wp-json\/wp\/v2\/tags?post=21643"}],"curies":[{"name":"wp","href":"https:\/\/api.w.org\/{rel}","templated":true}]}}