
{"id":21646,"date":"2018-12-04T15:25:27","date_gmt":"2018-12-04T15:25:27","guid":{"rendered":"https:\/\/www.lejournalduforkane.com\/?p=21646"},"modified":"2018-12-04T15:25:27","modified_gmt":"2018-12-04T15:25:27","slug":"hallucinant-une-depute-lerm-ne-connait-meme-pas-le-montant-du-smic","status":"publish","type":"post","link":"https:\/\/www.lejournalduforkane.com\/index.php\/hallucinant-une-depute-lerm-ne-connait-meme-pas-le-montant-du-smic\/","title":{"rendered":"Hallucinant, une d\u00e9put\u00e9 LERM ne connait m\u00eame pas le montant du SMIC"},"content":{"rendered":"<p><!--more--><\/p>\n<p>Hallucinant, une d\u00e9put\u00e9 LERM ne connait m\u00eame pas le montant du SMIC. C&rsquo;est totalement INADMISSIBLE. Un des GILETS JAUNES quitte le plateaux et il a totalement RAISON<\/p>\n<p><iframe loading=\"lazy\" width=\"620\" height=\"405\" src=\"\/\/rutube.ru\/play\/embed\/11801539\" frameborder=\"0\" webkitAllowFullScreen mozallowfullscreen allowfullscreen><\/iframe><\/p>\n","protected":false},"excerpt":{"rendered":"Hallucinant, une d\u00e9put\u00e9 LERM ne connait m\u00eame pas le montant du SMIC. C'est totalement INADMISSIBLE. Un des GILETS JAUNES quitte le plateaux et il a totalement RAISON","protected":false},"author":2,"featured_media":0,"comment_status":"closed","ping_status":"open","sticky":false,"template":"","format":"standard","meta":[],"categories":[49],"tags":[],"_links":{"self":[{"href":"https:\/\/www.lejournalduforkane.com\/index.php\/wp-json\/wp\/v2\/posts\/21646"}],"collection":[{"href":"https:\/\/www.lejournalduforkane.com\/index.php\/wp-json\/wp\/v2\/posts"}],"about":[{"href":"https:\/\/www.lejournalduforkane.com\/index.php\/wp-json\/wp\/v2\/types\/post"}],"author":[{"embeddable":true,"href":"https:\/\/www.lejournalduforkane.com\/index.php\/wp-json\/wp\/v2\/users\/2"}],"replies":[{"embeddable":true,"href":"https:\/\/www.lejournalduforkane.com\/index.php\/wp-json\/wp\/v2\/comments?post=21646"}],"version-history":[{"count":1,"href":"https:\/\/www.lejournalduforkane.com\/index.php\/wp-json\/wp\/v2\/posts\/21646\/revisions"}],"predecessor-version":[{"id":21648,"href":"https:\/\/www.lejournalduforkane.com\/index.php\/wp-json\/wp\/v2\/posts\/21646\/revisions\/21648"}],"wp:attachment":[{"href":"https:\/\/www.lejournalduforkane.com\/index.php\/wp-json\/wp\/v2\/media?parent=21646"}],"wp:term":[{"taxonomy":"category","embeddable":true,"href":"https:\/\/www.lejournalduforkane.com\/index.php\/wp-json\/wp\/v2\/categories?post=21646"},{"taxonomy":"post_tag","embeddable":true,"href":"https:\/\/www.lejournalduforkane.com\/index.php\/wp-json\/wp\/v2\/tags?post=21646"}],"curies":[{"name":"wp","href":"https:\/\/api.w.org\/{rel}","templated":true}]}}