
{"id":21668,"date":"2018-12-09T19:54:20","date_gmt":"2018-12-09T19:54:20","guid":{"rendered":"https:\/\/www.lejournalduforkane.com\/?p=21668"},"modified":"2018-12-09T19:54:20","modified_gmt":"2018-12-09T19:54:20","slug":"cest-la-nouvelle-france","status":"publish","type":"post","link":"https:\/\/www.lejournalduforkane.com\/index.php\/cest-la-nouvelle-france\/","title":{"rendered":"C&rsquo;est la nouvelle France !"},"content":{"rendered":"<p><!--more--><\/p>\n<p>C&rsquo;est la nouvelle France !<\/p>\n<p>Ce qu&rsquo;on appelle le symbole de la libert\u00e9 et des droits de l&rsquo;homme sur la terre.<\/p>\n<p>La police arr\u00eatent des \u00e9tudiants !<\/p>\n<p><iframe loading=\"lazy\" width=\"620\" height=\"405\" src=\"\/\/rutube.ru\/play\/embed\/11815172\" frameborder=\"0\" webkitAllowFullScreen mozallowfullscreen allowfullscreen><\/iframe><\/p>\n","protected":false},"excerpt":{"rendered":"C'est la nouvelle France ! Ce qu'on appelle le symbole de la libert\u00e9 et des droits de l'homme sur la terre. La police arr\u00eatent des \u00e9tudiants !","protected":false},"author":2,"featured_media":0,"comment_status":"closed","ping_status":"open","sticky":false,"template":"","format":"standard","meta":[],"categories":[49],"tags":[],"_links":{"self":[{"href":"https:\/\/www.lejournalduforkane.com\/index.php\/wp-json\/wp\/v2\/posts\/21668"}],"collection":[{"href":"https:\/\/www.lejournalduforkane.com\/index.php\/wp-json\/wp\/v2\/posts"}],"about":[{"href":"https:\/\/www.lejournalduforkane.com\/index.php\/wp-json\/wp\/v2\/types\/post"}],"author":[{"embeddable":true,"href":"https:\/\/www.lejournalduforkane.com\/index.php\/wp-json\/wp\/v2\/users\/2"}],"replies":[{"embeddable":true,"href":"https:\/\/www.lejournalduforkane.com\/index.php\/wp-json\/wp\/v2\/comments?post=21668"}],"version-history":[{"count":1,"href":"https:\/\/www.lejournalduforkane.com\/index.php\/wp-json\/wp\/v2\/posts\/21668\/revisions"}],"predecessor-version":[{"id":21670,"href":"https:\/\/www.lejournalduforkane.com\/index.php\/wp-json\/wp\/v2\/posts\/21668\/revisions\/21670"}],"wp:attachment":[{"href":"https:\/\/www.lejournalduforkane.com\/index.php\/wp-json\/wp\/v2\/media?parent=21668"}],"wp:term":[{"taxonomy":"category","embeddable":true,"href":"https:\/\/www.lejournalduforkane.com\/index.php\/wp-json\/wp\/v2\/categories?post=21668"},{"taxonomy":"post_tag","embeddable":true,"href":"https:\/\/www.lejournalduforkane.com\/index.php\/wp-json\/wp\/v2\/tags?post=21668"}],"curies":[{"name":"wp","href":"https:\/\/api.w.org\/{rel}","templated":true}]}}