
{"id":21677,"date":"2018-12-09T20:05:44","date_gmt":"2018-12-09T20:05:44","guid":{"rendered":"https:\/\/www.lejournalduforkane.com\/?p=21677"},"modified":"2018-12-09T20:05:44","modified_gmt":"2018-12-09T20:05:44","slug":"un-groupe-de-musique-folklorique-maghrebine-chantent-en-soutien-aux-gilets-jaunes-sur-les-champs-elysees","status":"publish","type":"post","link":"https:\/\/www.lejournalduforkane.com\/index.php\/un-groupe-de-musique-folklorique-maghrebine-chantent-en-soutien-aux-gilets-jaunes-sur-les-champs-elysees\/","title":{"rendered":"Un groupe de musique folklorique maghr\u00e9bine chantent en soutien aux Gilets jaunes sur les Champs-\u00c9lys\u00e9es"},"content":{"rendered":"<p><!--more--><\/p>\n<p>Un groupe de musique folklorique maghr\u00e9bine chantent en soutien aux Gilets jaunes sur les Champs-\u00c9lys\u00e9es<\/p>\n<p>Preuve que les Gilets jaunes ne sont pas racistes comme certains le pr\u00e9tendent.<\/p>\n<p><iframe loading=\"lazy\" width=\"620\" height=\"405\" src=\"\/\/rutube.ru\/play\/embed\/11815184\" frameborder=\"0\" webkitAllowFullScreen mozallowfullscreen allowfullscreen><\/iframe><\/p>\n","protected":false},"excerpt":{"rendered":"Un groupe de musique folklorique maghr\u00e9bine chantent en soutien aux Gilets jaunes sur les Champs-\u00c9lys\u00e9es Preuve que les Gilets jaunes ne sont pas racistes comme certains le pr\u00e9tendent.","protected":false},"author":2,"featured_media":0,"comment_status":"closed","ping_status":"open","sticky":false,"template":"","format":"standard","meta":[],"categories":[49],"tags":[],"_links":{"self":[{"href":"https:\/\/www.lejournalduforkane.com\/index.php\/wp-json\/wp\/v2\/posts\/21677"}],"collection":[{"href":"https:\/\/www.lejournalduforkane.com\/index.php\/wp-json\/wp\/v2\/posts"}],"about":[{"href":"https:\/\/www.lejournalduforkane.com\/index.php\/wp-json\/wp\/v2\/types\/post"}],"author":[{"embeddable":true,"href":"https:\/\/www.lejournalduforkane.com\/index.php\/wp-json\/wp\/v2\/users\/2"}],"replies":[{"embeddable":true,"href":"https:\/\/www.lejournalduforkane.com\/index.php\/wp-json\/wp\/v2\/comments?post=21677"}],"version-history":[{"count":1,"href":"https:\/\/www.lejournalduforkane.com\/index.php\/wp-json\/wp\/v2\/posts\/21677\/revisions"}],"predecessor-version":[{"id":21679,"href":"https:\/\/www.lejournalduforkane.com\/index.php\/wp-json\/wp\/v2\/posts\/21677\/revisions\/21679"}],"wp:attachment":[{"href":"https:\/\/www.lejournalduforkane.com\/index.php\/wp-json\/wp\/v2\/media?parent=21677"}],"wp:term":[{"taxonomy":"category","embeddable":true,"href":"https:\/\/www.lejournalduforkane.com\/index.php\/wp-json\/wp\/v2\/categories?post=21677"},{"taxonomy":"post_tag","embeddable":true,"href":"https:\/\/www.lejournalduforkane.com\/index.php\/wp-json\/wp\/v2\/tags?post=21677"}],"curies":[{"name":"wp","href":"https:\/\/api.w.org\/{rel}","templated":true}]}}