
{"id":21704,"date":"2018-12-12T19:34:09","date_gmt":"2018-12-12T19:34:09","guid":{"rendered":"https:\/\/www.lejournalduforkane.com\/?p=21704"},"modified":"2018-12-12T19:34:09","modified_gmt":"2018-12-12T19:34:09","slug":"video-comment-le-fbi-fabrique-de-faux-complots-terroristes","status":"publish","type":"post","link":"https:\/\/www.lejournalduforkane.com\/index.php\/video-comment-le-fbi-fabrique-de-faux-complots-terroristes\/","title":{"rendered":"Vid\u00e9o] | Comment le FBI fabrique de faux complots terroristes ?"},"content":{"rendered":"<p><!--more--><br \/>\nVid\u00e9o] | Comment le FBI fabrique de faux complots terroristes ?<\/p>\n<p>Vid\u00e9o int\u00e9ressante \u00e0 visionner&#8230;<\/p>\n<p><iframe loading=\"lazy\" width=\"560\" height=\"315\" src=\"https:\/\/www.youtube.com\/embed\/sbCCRJcsAOU\" frameborder=\"0\" allow=\"accelerometer; autoplay; encrypted-media; gyroscope; picture-in-picture\" allowfullscreen><\/iframe><\/p>\n","protected":false},"excerpt":{"rendered":"Vid\u00e9o] | Comment le FBI fabrique de faux complots terroristes ? Vid\u00e9o int\u00e9ressante \u00e0 visionner...","protected":false},"author":2,"featured_media":0,"comment_status":"closed","ping_status":"open","sticky":false,"template":"","format":"standard","meta":[],"categories":[49],"tags":[],"_links":{"self":[{"href":"https:\/\/www.lejournalduforkane.com\/index.php\/wp-json\/wp\/v2\/posts\/21704"}],"collection":[{"href":"https:\/\/www.lejournalduforkane.com\/index.php\/wp-json\/wp\/v2\/posts"}],"about":[{"href":"https:\/\/www.lejournalduforkane.com\/index.php\/wp-json\/wp\/v2\/types\/post"}],"author":[{"embeddable":true,"href":"https:\/\/www.lejournalduforkane.com\/index.php\/wp-json\/wp\/v2\/users\/2"}],"replies":[{"embeddable":true,"href":"https:\/\/www.lejournalduforkane.com\/index.php\/wp-json\/wp\/v2\/comments?post=21704"}],"version-history":[{"count":1,"href":"https:\/\/www.lejournalduforkane.com\/index.php\/wp-json\/wp\/v2\/posts\/21704\/revisions"}],"predecessor-version":[{"id":21706,"href":"https:\/\/www.lejournalduforkane.com\/index.php\/wp-json\/wp\/v2\/posts\/21704\/revisions\/21706"}],"wp:attachment":[{"href":"https:\/\/www.lejournalduforkane.com\/index.php\/wp-json\/wp\/v2\/media?parent=21704"}],"wp:term":[{"taxonomy":"category","embeddable":true,"href":"https:\/\/www.lejournalduforkane.com\/index.php\/wp-json\/wp\/v2\/categories?post=21704"},{"taxonomy":"post_tag","embeddable":true,"href":"https:\/\/www.lejournalduforkane.com\/index.php\/wp-json\/wp\/v2\/tags?post=21704"}],"curies":[{"name":"wp","href":"https:\/\/api.w.org\/{rel}","templated":true}]}}