
{"id":21707,"date":"2018-12-14T16:53:57","date_gmt":"2018-12-14T16:53:57","guid":{"rendered":"https:\/\/www.lejournalduforkane.com\/?p=21707"},"modified":"2018-12-14T16:53:57","modified_gmt":"2018-12-14T16:53:57","slug":"malaise-sur-le-plateau-de-cnews-apres-les-revelations-de-xavier-raufer-sur-cherif-chekatt","status":"publish","type":"post","link":"https:\/\/www.lejournalduforkane.com\/index.php\/malaise-sur-le-plateau-de-cnews-apres-les-revelations-de-xavier-raufer-sur-cherif-chekatt\/","title":{"rendered":"Malaise sur le plateau de Cnews apr\u00e8s les r\u00e9v\u00e9lations de Xavier Raufer sur Cherif Chekatt"},"content":{"rendered":"<p><!--more--><br \/>\nMalaise sur le plateau de Cnews apr\u00e8s les r\u00e9v\u00e9lations de Xavier Raufer sur Cherif Chekatt<\/p>\n<p>Ca se passe de commentaires<\/p>\n<p><iframe loading=\"lazy\" width=\"620\" height=\"405\" src=\"\/\/rutube.ru\/play\/embed\/11832899\" frameborder=\"0\" webkitAllowFullScreen mozallowfullscreen allowfullscreen><\/iframe><\/p>\n","protected":false},"excerpt":{"rendered":"Malaise sur le plateau de Cnews apr\u00e8s les r\u00e9v\u00e9lations de Xavier Raufer sur Cherif Chekatt Ca se passe de commentaires","protected":false},"author":2,"featured_media":0,"comment_status":"closed","ping_status":"open","sticky":false,"template":"","format":"standard","meta":[],"categories":[49],"tags":[],"_links":{"self":[{"href":"https:\/\/www.lejournalduforkane.com\/index.php\/wp-json\/wp\/v2\/posts\/21707"}],"collection":[{"href":"https:\/\/www.lejournalduforkane.com\/index.php\/wp-json\/wp\/v2\/posts"}],"about":[{"href":"https:\/\/www.lejournalduforkane.com\/index.php\/wp-json\/wp\/v2\/types\/post"}],"author":[{"embeddable":true,"href":"https:\/\/www.lejournalduforkane.com\/index.php\/wp-json\/wp\/v2\/users\/2"}],"replies":[{"embeddable":true,"href":"https:\/\/www.lejournalduforkane.com\/index.php\/wp-json\/wp\/v2\/comments?post=21707"}],"version-history":[{"count":1,"href":"https:\/\/www.lejournalduforkane.com\/index.php\/wp-json\/wp\/v2\/posts\/21707\/revisions"}],"predecessor-version":[{"id":21709,"href":"https:\/\/www.lejournalduforkane.com\/index.php\/wp-json\/wp\/v2\/posts\/21707\/revisions\/21709"}],"wp:attachment":[{"href":"https:\/\/www.lejournalduforkane.com\/index.php\/wp-json\/wp\/v2\/media?parent=21707"}],"wp:term":[{"taxonomy":"category","embeddable":true,"href":"https:\/\/www.lejournalduforkane.com\/index.php\/wp-json\/wp\/v2\/categories?post=21707"},{"taxonomy":"post_tag","embeddable":true,"href":"https:\/\/www.lejournalduforkane.com\/index.php\/wp-json\/wp\/v2\/tags?post=21707"}],"curies":[{"name":"wp","href":"https:\/\/api.w.org\/{rel}","templated":true}]}}