
{"id":2171,"date":"2015-12-02T06:14:47","date_gmt":"2015-12-02T06:14:47","guid":{"rendered":"https:\/\/www.lejournalduforkane.com\/?p=2171"},"modified":"2019-01-16T19:26:06","modified_gmt":"2019-01-16T19:26:06","slug":"la-syrie-et-le-reste-du-monde-6-2","status":"publish","type":"post","link":"https:\/\/www.lejournalduforkane.com\/index.php\/la-syrie-et-le-reste-du-monde-6-2\/","title":{"rendered":"6. La Syrie et le reste du monde"},"content":{"rendered":"<div>\n<p style=\"text-align: justify;\">Parmi les ennemis de la Syrie, le plus dangereux est la Turquie. Mais malgr\u00e9 ses gesticulations, elle n\u2019en a pas pour longtemps. <!--more-->La Turquie r\u00eave d\u2019un cauchemar ottoma. Elle cherche toutes sortes d\u2019excuse<a href=\"http:\/\/158.255.2.50\/wp-content\/uploads\/2013\/05\/bachar-erdogan.jpg\"><img loading=\"lazy\" class=\" size-medium wp-image-7996 alignright\" src=\"http:\/\/158.255.2.50\/wp-content\/uploads\/2013\/05\/bachar-erdogan-300x141.jpg\" alt=\"bachar erdogan\" width=\"300\" height=\"141\" srcset=\"https:\/\/www.lejournalduforkane.com\/wp-content\/uploads\/2013\/05\/bachar-erdogan-300x141.jpg 300w, https:\/\/www.lejournalduforkane.com\/wp-content\/uploads\/2013\/05\/bachar-erdogan-768x361.jpg 768w, https:\/\/www.lejournalduforkane.com\/wp-content\/uploads\/2013\/05\/bachar-erdogan.jpg 850w\" sizes=\"(max-width: 300px) 100vw, 300px\" \/><\/a> pour arriver \u00e0 ses fins. Les occidentaux \u00e0 la solde d\u2019Isra\u00ebl, attendent pour la d\u00e9truire, une fois son r\u00f4le jou\u00e9. La Turquie est cynique et ne conna\u00eet pas l\u2019Islam. C\u2019est un gouvernement fantoche qui oublie ses v\u00e9ritables int\u00e9r\u00eats. Le pays accueille les r\u00e9fugi\u00e9s syriens pour justifier son hostilit\u00e9 \u00e0 Damas.<\/p>\n<p style=\"text-align: justify;\">Les hommes valides iront apr\u00e8s une formation, se battre contre une arm\u00e9e professionnelle en Syrie et leur peuple. Chaque homme en Turquie re\u00e7oit entra\u00eenement, armes et argent. Ce pouvoir est d\u00e9pourvu d\u2019humanit\u00e9. La Turquie qui avait d\u00e9j\u00e0 point\u00e9 des missiles contre l\u2019Iran, fait de m\u00eame contre la Syrie. Isra\u00ebl est son meilleur ennemi. Les rebelles veulent prendre avec l\u2019aide des pays frontaliers les principaux points de passages frontaliers. La Turquie parle de zone tampon aux fronti\u00e8res syrienne et irakienne. Mais l\u2019arrogance turque est confront\u00e9e \u00e0 la sagesse syrienne qui menace de se servir d\u2019armes chimique contre toute invasion \u00e9trang\u00e8re.<\/p>\n<p style=\"text-align: justify;\"><a href=\"http:\/\/158.255.2.50\/wp-content\/uploads\/2013\/05\/turquie.jpg\"><img loading=\"lazy\" class=\"size-thumbnail wp-image-2174 alignleft\" title=\"turquie\" src=\"http:\/\/158.255.2.50\/wp-content\/uploads\/2013\/05\/turquie-150x150.jpg\" alt=\"\" width=\"150\" height=\"150\" \/><\/a>Devant l\u2019hypocrisie des ennemis du peuple syrien, Assad d\u00e9clare\u00a0: \u00ab\u00a0 on peut r\u00e9gler la crise nous m\u00eame en 48 heures\u00a0\u00bb. C\u2019est ainsi que Damas a \u00e9t\u00e9 nettoy\u00e9e en quelques jours de l\u2019invasion terroriste. Alep, la deuxi\u00e8me ville du pays, son poumon \u00e9conomique, est le champ de bataille entre l\u2019arm\u00e9e et les terroristes pro-turcs. Alep est dans la ligne de mire des 2 camps mais l\u2019arm\u00e9e est trop forte. La Turquie est totalement impliqu\u00e9e\u00a0: 49 espions turcs ont \u00e9t\u00e9 arr\u00eat\u00e9s contre 19 fran\u00e7ais et 11 arabes. D\u2019o\u00f9 des attentats cibl\u00e9s.<\/p>\n<p style=\"text-align: justify;\">Fabius, le sioniste, veut convoquer les ministres des affaires \u00e9trang\u00e8res au Conseil de s\u00e9curit\u00e9 pour justifier les zones d\u2019exclusion a\u00e9rienne pour que les terroristes puissent occuper le terrain laiss\u00e9 par l\u2019arm\u00e9e comme la Libye. Et ce sera bient\u00f4t le tour de la Turquie\u2026<\/p>\n<p align=\"center\"><strong>Al-Mahdi a promis de d\u00e9truire la Turquie qui agresse l\u2019\u00e9tranger et ment \u00e0 son peuple.<\/strong><\/p>\n<\/div>\n<p><strong><br clear=\"all\" \/> <\/strong><\/p>\n","protected":false},"excerpt":{"rendered":"<p>Parmi les ennemis de la Syrie, le plus dangereux est la Turquie. Mais malgr\u00e9 ses gesticulations, elle n\u2019en a pas pour longtemps.<\/p>\n","protected":false},"author":2,"featured_media":0,"comment_status":"open","ping_status":"closed","sticky":false,"template":"","format":"standard","meta":[],"categories":[],"tags":[],"_links":{"self":[{"href":"https:\/\/www.lejournalduforkane.com\/index.php\/wp-json\/wp\/v2\/posts\/2171"}],"collection":[{"href":"https:\/\/www.lejournalduforkane.com\/index.php\/wp-json\/wp\/v2\/posts"}],"about":[{"href":"https:\/\/www.lejournalduforkane.com\/index.php\/wp-json\/wp\/v2\/types\/post"}],"author":[{"embeddable":true,"href":"https:\/\/www.lejournalduforkane.com\/index.php\/wp-json\/wp\/v2\/users\/2"}],"replies":[{"embeddable":true,"href":"https:\/\/www.lejournalduforkane.com\/index.php\/wp-json\/wp\/v2\/comments?post=2171"}],"version-history":[{"count":1,"href":"https:\/\/www.lejournalduforkane.com\/index.php\/wp-json\/wp\/v2\/posts\/2171\/revisions"}],"predecessor-version":[{"id":21922,"href":"https:\/\/www.lejournalduforkane.com\/index.php\/wp-json\/wp\/v2\/posts\/2171\/revisions\/21922"}],"wp:attachment":[{"href":"https:\/\/www.lejournalduforkane.com\/index.php\/wp-json\/wp\/v2\/media?parent=2171"}],"wp:term":[{"taxonomy":"category","embeddable":true,"href":"https:\/\/www.lejournalduforkane.com\/index.php\/wp-json\/wp\/v2\/categories?post=2171"},{"taxonomy":"post_tag","embeddable":true,"href":"https:\/\/www.lejournalduforkane.com\/index.php\/wp-json\/wp\/v2\/tags?post=2171"}],"curies":[{"name":"wp","href":"https:\/\/api.w.org\/{rel}","templated":true}]}}