
{"id":21717,"date":"2018-12-17T19:44:45","date_gmt":"2018-12-17T19:44:45","guid":{"rendered":"https:\/\/www.lejournalduforkane.com\/?p=21717"},"modified":"2018-12-17T19:44:45","modified_gmt":"2018-12-17T19:44:45","slug":"un-gilet-jaune-met-une-fleur-a-luniforme-dun-policier-son-collegue-lecrase-et-la-jette-par-terre","status":"publish","type":"post","link":"https:\/\/www.lejournalduforkane.com\/index.php\/un-gilet-jaune-met-une-fleur-a-luniforme-dun-policier-son-collegue-lecrase-et-la-jette-par-terre\/","title":{"rendered":"Un Gilet jaune met une fleur \u00e0 l&rsquo;uniforme d&rsquo;un policier, son coll\u00e8gue l&rsquo;\u00e9crase et la jette par terre"},"content":{"rendered":"<p><!--more--><\/p>\n<p>Un Gilet jaune met une fleur \u00e0 l&rsquo;uniforme d&rsquo;un policier, son coll\u00e8gue l&rsquo;\u00e9crase et la jette par terre<\/p>\n<p>Lors de la mobilisation des Gilets jaunes \u00e0 Paris, un manifestant pacifiste, appelant les forces de l&rsquo;ordre \u00e0 rejoindre le mouvement, a tent\u00e9 d&rsquo;arborer l&rsquo;\u00e9quipement d&rsquo;un policier avec une rose jaune. Mais son coll\u00e8gue n&rsquo;a gu\u00e8re appr\u00e9ci\u00e9 la d\u00e9marche.<\/p>\n<p><iframe loading=\"lazy\" width=\"560\" height=\"315\" src=\"https:\/\/www.youtube.com\/embed\/YKBa6mN6yck\" frameborder=\"0\" allow=\"accelerometer; autoplay; encrypted-media; gyroscope; picture-in-picture\" allowfullscreen><\/iframe><\/p>\n","protected":false},"excerpt":{"rendered":"Un Gilet jaune met une fleur \u00e0 l'uniforme d'un policier, son coll\u00e8gue l'\u00e9crase et la jette par terre Lors de la mobilisation des Gilets jaunes \u00e0 Paris, un manifestant pacifiste,","protected":false},"author":2,"featured_media":0,"comment_status":"closed","ping_status":"open","sticky":false,"template":"","format":"standard","meta":[],"categories":[49],"tags":[],"_links":{"self":[{"href":"https:\/\/www.lejournalduforkane.com\/index.php\/wp-json\/wp\/v2\/posts\/21717"}],"collection":[{"href":"https:\/\/www.lejournalduforkane.com\/index.php\/wp-json\/wp\/v2\/posts"}],"about":[{"href":"https:\/\/www.lejournalduforkane.com\/index.php\/wp-json\/wp\/v2\/types\/post"}],"author":[{"embeddable":true,"href":"https:\/\/www.lejournalduforkane.com\/index.php\/wp-json\/wp\/v2\/users\/2"}],"replies":[{"embeddable":true,"href":"https:\/\/www.lejournalduforkane.com\/index.php\/wp-json\/wp\/v2\/comments?post=21717"}],"version-history":[{"count":1,"href":"https:\/\/www.lejournalduforkane.com\/index.php\/wp-json\/wp\/v2\/posts\/21717\/revisions"}],"predecessor-version":[{"id":21719,"href":"https:\/\/www.lejournalduforkane.com\/index.php\/wp-json\/wp\/v2\/posts\/21717\/revisions\/21719"}],"wp:attachment":[{"href":"https:\/\/www.lejournalduforkane.com\/index.php\/wp-json\/wp\/v2\/media?parent=21717"}],"wp:term":[{"taxonomy":"category","embeddable":true,"href":"https:\/\/www.lejournalduforkane.com\/index.php\/wp-json\/wp\/v2\/categories?post=21717"},{"taxonomy":"post_tag","embeddable":true,"href":"https:\/\/www.lejournalduforkane.com\/index.php\/wp-json\/wp\/v2\/tags?post=21717"}],"curies":[{"name":"wp","href":"https:\/\/api.w.org\/{rel}","templated":true}]}}