
{"id":21720,"date":"2018-12-17T19:48:12","date_gmt":"2018-12-17T19:48:12","guid":{"rendered":"https:\/\/www.lejournalduforkane.com\/?p=21720"},"modified":"2018-12-17T19:48:12","modified_gmt":"2018-12-17T19:48:12","slug":"de-quoi-ces-enfants-sont-ils-coupables","status":"publish","type":"post","link":"https:\/\/www.lejournalduforkane.com\/index.php\/de-quoi-ces-enfants-sont-ils-coupables\/","title":{"rendered":"De quoi ces enfants sont-ils coupables ?"},"content":{"rendered":"<p><!--more--><\/p>\n<p>De quoi ces enfants sont-ils coupables ?<\/p>\n<p>Pourquoi tous ces crimes contre l&rsquo;enfance ?<\/p>\n<p>Un enfant a \u00e9t\u00e9 gri\u00e8vement bless\u00e9 par les attaques a\u00e9riennes des \u00c9tats-Unis, de l&rsquo;Arabie Saoudite et des \u00c9mirats Arabes Unis \u00e0 Al Hudaydah.<\/p>\n<p><iframe loading=\"lazy\" width=\"620\" height=\"405\" src=\"\/\/rutube.ru\/play\/embed\/11844425\" frameborder=\"0\" webkitAllowFullScreen mozallowfullscreen allowfullscreen><\/iframe><\/p>\n","protected":false},"excerpt":{"rendered":"De quoi ces enfants sont-ils coupables ? Pourquoi tous ces crimes contre l'enfance ? Un enfant a \u00e9t\u00e9 gri\u00e8vement bless\u00e9 par les attaques a\u00e9riennes des \u00c9tats-Unis, de l'Arabie Saoudite et","protected":false},"author":2,"featured_media":0,"comment_status":"closed","ping_status":"open","sticky":false,"template":"","format":"standard","meta":[],"categories":[49],"tags":[],"_links":{"self":[{"href":"https:\/\/www.lejournalduforkane.com\/index.php\/wp-json\/wp\/v2\/posts\/21720"}],"collection":[{"href":"https:\/\/www.lejournalduforkane.com\/index.php\/wp-json\/wp\/v2\/posts"}],"about":[{"href":"https:\/\/www.lejournalduforkane.com\/index.php\/wp-json\/wp\/v2\/types\/post"}],"author":[{"embeddable":true,"href":"https:\/\/www.lejournalduforkane.com\/index.php\/wp-json\/wp\/v2\/users\/2"}],"replies":[{"embeddable":true,"href":"https:\/\/www.lejournalduforkane.com\/index.php\/wp-json\/wp\/v2\/comments?post=21720"}],"version-history":[{"count":1,"href":"https:\/\/www.lejournalduforkane.com\/index.php\/wp-json\/wp\/v2\/posts\/21720\/revisions"}],"predecessor-version":[{"id":21722,"href":"https:\/\/www.lejournalduforkane.com\/index.php\/wp-json\/wp\/v2\/posts\/21720\/revisions\/21722"}],"wp:attachment":[{"href":"https:\/\/www.lejournalduforkane.com\/index.php\/wp-json\/wp\/v2\/media?parent=21720"}],"wp:term":[{"taxonomy":"category","embeddable":true,"href":"https:\/\/www.lejournalduforkane.com\/index.php\/wp-json\/wp\/v2\/categories?post=21720"},{"taxonomy":"post_tag","embeddable":true,"href":"https:\/\/www.lejournalduforkane.com\/index.php\/wp-json\/wp\/v2\/tags?post=21720"}],"curies":[{"name":"wp","href":"https:\/\/api.w.org\/{rel}","templated":true}]}}